{"id":204480,"date":"2025-06-26T00:19:10","date_gmt":"2025-06-26T00:19:10","guid":{"rendered":"https:\/\/www.europesays.com\/fr\/204480\/"},"modified":"2025-06-26T00:19:10","modified_gmt":"2025-06-26T00:19:10","slug":"marseille-cest-quoi-cette-manifestation-pour-la-depenalisation-de-toutes-les-drogues","status":"publish","type":"post","link":"https:\/\/www.europesays.com\/fr\/204480\/","title":{"rendered":"Marseille. C&rsquo;est quoi cette manifestation pour la d\u00e9p\u00e9nalisation de toutes les drogues\u00a0?"},"content":{"rendered":"<p>            Par<br \/>\n        <strong><br \/>\n            <a href=\"https:\/\/actu.fr\/auteur\/thibault-nadal-actu-fr\" title=\"Consulter tous les articles de Thibault Nadal\" rel=\"nofollow noopener\" target=\"_blank\">Thibault Nadal<\/a><br \/>\n        <\/strong><\/p>\n<p>        Publi\u00e9 le<\/p>\n<p>            25 juin 2025 \u00e0 17h30        <\/p>\n<p>C\u2019est un cort\u00e8ge un peu sp\u00e9cial qui va <a href=\"https:\/\/www.google.com\/search?sca_esv=ccb8066356fd07b7&amp;rlz=1C1GCEA_enFR1162FR1162&amp;sxsrf=AE3TifOlZpi_l2o4h4CEUXBwnS_6U5pZag:1750773750643&amp;q=manifestations,+actu.fr&amp;sa=X&amp;ved=2ahUKEwiI3fS7nIqOAxV3VaQEHSh6GLgQ7xYoAHoECAwQAQ&amp;biw=1920&amp;bih=945&amp;dpr=1\" rel=\"nofollow noopener\" target=\"_blank\">battre le pav\u00e9<\/a> ce jeudi 26\u00a0juin 2025. \u00c0 l\u2019appel du collectif Support Don\u2019t Punish, plusieurs associations vont d\u00e9filer dans les rues de <a href=\"https:\/\/actu.fr\/marseille\/\" rel=\"nofollow noopener\" target=\"_blank\">Marseille<\/a> pour dire non aux mesures r\u00e9pressives du gouvernement et du ministre de l\u2019Int\u00e9rieur, <a href=\"https:\/\/actu.fr\/tag\/bruno-retailleau\" rel=\"nofollow noopener\" target=\"_blank\">Bruno Retailleau<\/a> et <strong>appeler \u00e0 la \u00ab\u2009r\u00e9gulation et d\u00e9p\u00e9nalisation\u2009\u00bb<\/strong> de toutes les <a href=\"https:\/\/actu.fr\/tag\/drogue\" rel=\"nofollow noopener\" target=\"_blank\">drogues<\/a>.<\/p>\n<p>Oppos\u00e9s \u00e0 la politique r\u00e9pressive du gouvernement<\/p>\n<p class=\" wall-content\">Dans un communiqu\u00e9, les associations expliquent \u00eatre oppos\u00e9es \u00e0 la \u00ab\u2009campagne naus\u00e9abonde de culpabilisation des consommateurs de drogue\u2009\u00bb men\u00e9e par le ministre de l\u2019Int\u00e9rieur. Depuis son arriv\u00e9e place Beauvau, <a href=\"https:\/\/actu.fr\/provence-alpes-cote-d-azur\/marseille_13055\/trafics-de-drogue-coup-de-filet-massif-a-marseille-bruno-retailleau-frappe-fort_62550736.html\" rel=\"nofollow noopener\" target=\"_blank\">Bruno Retailleau m\u00e8ne une lutte acharn\u00e9e contre le narcotrafic<\/a>. Il a m\u00eame r\u00e9cemment une loi \u00e0 l\u2019Assembl\u00e9e nationale qui a \u00e9t\u00e9 adopt\u00e9e.<\/p>\n<p class=\" wall-content\">Mais pour ses opposants, <strong>\u00ab\u2009cette addiction \u00e0 la r\u00e9pression est pourtant inefficace, co\u00fbteuse et dangereuse\u2009\u00bb<\/strong>. Des mesures qui, selon les principaux concern\u00e9s, n\u2019auraient pas fait leur preuve depuis 50\u00a0ans. \u00ab\u2009Les forces de l\u2019ordre consacrent plus de la moiti\u00e9 de leur activit\u00e9 \u00e0 interpeller et mettre des usagers de drogues en garde \u00e0 vue\u2009\u00bb, \u00e9crivent-ils.<\/p>\n<p class=\" wall-content\"><a href=\"https:\/\/www.instagram.com\/p\/DLC7K6LNESu\/embed\" title=\"Ouvrir le lien sur Instagram\" rel=\"nofollow noopener\" target=\"_blank\">Visualiser le contenu sur Instagram<\/a><\/p>\n<p class=\" wall-content\">Mais Bruno Retailleau n\u2019est pas le seul \u00eatre dans le viseur. L\u2019\u00c9tat est aussi point\u00e9 du doigt pour avoir \u00ab\u2009\u00e9mis <a href=\"https:\/\/actu.fr\/provence-alpes-cote-d-azur\/marseille_13055\/drogue-a-marseille-la-salle-de-shoot-ne-s-installera-pas-dans-ce-quartier_60578690.html\" rel=\"nofollow noopener\" target=\"_blank\">un avis d\u00e9favorable \u00e0 l\u2019ouverture d\u2019une Halte Soins Addictions<\/a> (salle de consommation \u00e0 moindre risque)\u2009\u00bb, dans le centre-ville de Marseille, mettant \u00ab\u2009un terme \u00e0 plus de deux ans de travail\u2009\u00bb. Depuis, <a href=\"https:\/\/actu.fr\/provence-alpes-cote-d-azur\/marseille_13055\/salle-de-shoot-a-marseille-l-etat-attaque-en-justice-son-inaction-pointee-du-doigt_62509386.html\" rel=\"nofollow noopener\" target=\"_blank\">une action en justice a \u00e9t\u00e9 lanc\u00e9e<\/a>.<\/p>\n<p>Plusieurs mesures r\u00e9clam\u00e9es<\/p>\n<p class=\" wall-content\">Ce jeudi est donc un moment important pour ces associations qui esp\u00e8rent <strong>porter leur message bien au-del\u00e0 de Marseille<\/strong>. Ils demandent donc \u00ab\u2009une r\u00e9gulation de l\u2019acc\u00e8s aux produits et une d\u00e9p\u00e9nalisation de l\u2019usage de toutes les drogues\u2009\u00bb, \u00ab\u2009des campagnes de pr\u00e9vention adapt\u00e9es\u2009\u00bb ou encore \u00ab\u2009l\u2019ouverture d\u2019une Halte Soins Addictions \u00e0 Marseille\u2009\u00bb.<\/p>\n<p class=\" wall-content\">Le rendez-vous est donn\u00e9 \u00e0 17h devant la fontaine du Parc Longchamp (4e). Le cort\u00e8ge prendra ensuite la direction du boulevard de la Lib\u00e9ration (o\u00f9 devait se construire la salle de shoot) pour une arriv\u00e9e devant la mairie de Marseille (1er) \u00e0 20h.<\/p>\n<p class=\" wall-content\">Suivez toute l\u2019actualit\u00e9 de vos villes et m\u00e9dias favoris en vous inscrivant \u00e0 <a href=\"https:\/\/moncompte.actu.fr\" title=\"D\u00e9couvez Mon Actu\" rel=\"nofollow noopener\" data-trk=\"{&quot;cta&quot;:{&quot;action&quot;:&quot;https:\\\/\\\/moncompte.actu.fr&quot;,&quot;category&quot;:&quot;mon compte&quot;,&quot;from&quot;:&quot;article footer&quot;,&quot;name&quot;:&quot;Mon actu&quot;,&quot;type&quot;:&quot;cta&quot;}}\" target=\"_blank\">Mon Actu<\/a>.<\/p>\n<p>                    <script async src=\"\/\/www.instagram.com\/embed.js\"><\/script><\/p>\n","protected":false},"excerpt":{"rendered":"Par Thibault Nadal Publi\u00e9 le 25 juin 2025 \u00e0 17h30 C\u2019est un cort\u00e8ge un peu sp\u00e9cial qui va&hellip;\n","protected":false},"author":2,"featured_media":204481,"comment_status":"","ping_status":"","sticky":false,"template":"","format":"standard","meta":{"footnotes":""},"categories":[2814],"tags":[1111,11,1013,1052,1777,674,1011,27,1272,884,12,882,25,104],"class_list":{"0":"post-204480","1":"post","2":"type-post","3":"status-publish","4":"format-standard","5":"has-post-thumbnail","7":"category-marseille","8":"tag-actu","9":"tag-actualites","10":"tag-bruno-retailleau","11":"tag-drogue","12":"tag-eu","13":"tag-europe","14":"tag-fr","15":"tag-france","16":"tag-manifestations","17":"tag-marseille","18":"tag-news","19":"tag-provence-alpes-cote-dazur","20":"tag-republique-francaise","21":"tag-societe"},"share_on_mastodon":{"url":"https:\/\/pubeurope.com\/@fr\/114746803199094460","error":""},"_links":{"self":[{"href":"https:\/\/www.europesays.com\/fr\/wp-json\/wp\/v2\/posts\/204480","targetHints":{"allow":["GET"]}}],"collection":[{"href":"https:\/\/www.europesays.com\/fr\/wp-json\/wp\/v2\/posts"}],"about":[{"href":"https:\/\/www.europesays.com\/fr\/wp-json\/wp\/v2\/types\/post"}],"author":[{"embeddable":true,"href":"https:\/\/www.europesays.com\/fr\/wp-json\/wp\/v2\/users\/2"}],"replies":[{"embeddable":true,"href":"https:\/\/www.europesays.com\/fr\/wp-json\/wp\/v2\/comments?post=204480"}],"version-history":[{"count":0,"href":"https:\/\/www.europesays.com\/fr\/wp-json\/wp\/v2\/posts\/204480\/revisions"}],"wp:featuredmedia":[{"embeddable":true,"href":"https:\/\/www.europesays.com\/fr\/wp-json\/wp\/v2\/media\/204481"}],"wp:attachment":[{"href":"https:\/\/www.europesays.com\/fr\/wp-json\/wp\/v2\/media?parent=204480"}],"wp:term":[{"taxonomy":"category","embeddable":true,"href":"https:\/\/www.europesays.com\/fr\/wp-json\/wp\/v2\/categories?post=204480"},{"taxonomy":"post_tag","embeddable":true,"href":"https:\/\/www.europesays.com\/fr\/wp-json\/wp\/v2\/tags?post=204480"}],"curies":[{"name":"wp","href":"https:\/\/api.w.org\/{rel}","templated":true}]}}