{"id":204484,"date":"2025-06-26T00:21:15","date_gmt":"2025-06-26T00:21:15","guid":{"rendered":"https:\/\/www.europesays.com\/fr\/204484\/"},"modified":"2025-06-26T00:21:15","modified_gmt":"2025-06-26T00:21:15","slug":"un-an-ferme-pour-la-petite-fille-du-defunt","status":"publish","type":"post","link":"https:\/\/www.europesays.com\/fr\/204484\/","title":{"rendered":"un an ferme pour la petite-fille du d\u00e9funt"},"content":{"rendered":"<p itemprop=\"description\"><strong>Quinze ans de r\u00e9clusion avaient \u00e9t\u00e9 une nouvelle fois requis par le procureur.<\/strong><\/p>\n<p>Le verdict est tomb\u00e9 apr\u00e8s cinq heures de d\u00e9lib\u00e9ration. Devant la cour d\u2019assises de l\u2019Ain, \u00c9milie G., une trentenaire poursuivie pour avoir caus\u00e9 la mort de son grand-p\u00e8re de 94 ans \u00e0 Saint-Laurent-de-Mure (Rh\u00f4ne) en 2020, a \u00e9cop\u00e9 d\u2019une peine de cinq ans de prison, dont quatre avec sursis.<\/p>\n<p>En octobre 2024, elle avait \u00e9t\u00e9 condamn\u00e9e en <a href=\"https:\/\/www.lyonmag.com\/article\/138597\/elle-avait-mis-le-feu-au-lit-de-son-grand-pere-prison-avec-sursis-prononcee-a-lyon\" target=\"_blank\" rel=\"noopener\">premi\u00e8re instance \u00e0 Lyon<\/a> \u00e0 cinq ans int\u00e9gralement avec sursis, malgr\u00e9 les r\u00e9quisitions de quinze ans de r\u00e9clusion criminelle du parquet. Le minist\u00e8re public avait fait appel.<\/p>\n<p>Lors des d\u00e9bats, la pr\u00e9venue avait \u00e9voqu\u00e9 un geste d\u2019\u00a0\u00bbaccompagnement dans la mort\u00a0\u00bb, affirmant avoir voulu abr\u00e9ger les souffrances de son grand-p\u00e8re. Ce dernier avait \u00e9t\u00e9 pris en charge \u00e0 domicile, en fin de vie, dans la maison familiale. Mais l\u2019incendie volontaire de son lit m\u00e9dicalis\u00e9 avait entra\u00een\u00e9 sa mort par asphyxie.<\/p>\n<p>Les expertises avaient conclu \u00e0 l\u2019utilisation d\u2019essence sur le matelas, pointant une origine criminelle. Le lien affectif entre la jeune femme et son a\u00efeul avait \u00e9galement \u00e9t\u00e9 mis en avant par la d\u00e9fense.<\/p>\n<p>Le nouveau verdict pr\u00e9voit une peine am\u00e9nageable.<\/p>\n","protected":false},"excerpt":{"rendered":"Quinze ans de r\u00e9clusion avaient \u00e9t\u00e9 une nouvelle fois requis par le procureur. Le verdict est tomb\u00e9 apr\u00e8s&hellip;\n","protected":false},"author":2,"featured_media":204485,"comment_status":"","ping_status":"","sticky":false,"template":"","format":"standard","meta":{"footnotes":""},"categories":[1889],"tags":[1111,11,2813,2190,2430,1109,251,1112,2811,1777,674,118,1011,27,1922,1110,1114,2428,2810,12,241,316,25,2812,517,800],"class_list":{"0":"post-204484","1":"post","2":"type-post","3":"status-publish","4":"format-standard","5":"has-post-thumbnail","7":"category-lyon","8":"tag-actu","9":"tag-actualites","10":"tag-article","11":"tag-asvel","12":"tag-auvergne-rhone-alpes","13":"tag-breves","14":"tag-culture","15":"tag-depeches","16":"tag-economique","17":"tag-eu","18":"tag-europe","19":"tag-faits-divers","20":"tag-fr","21":"tag-france","22":"tag-info","23":"tag-informations","24":"tag-infos","25":"tag-lyon","26":"tag-lyonmag","27":"tag-news","28":"tag-ol","29":"tag-politique","30":"tag-republique-francaise","31":"tag-sociale","32":"tag-sport","33":"tag-transports"},"share_on_mastodon":{"url":"https:\/\/pubeurope.com\/@fr\/114746811033091716","error":""},"_links":{"self":[{"href":"https:\/\/www.europesays.com\/fr\/wp-json\/wp\/v2\/posts\/204484","targetHints":{"allow":["GET"]}}],"collection":[{"href":"https:\/\/www.europesays.com\/fr\/wp-json\/wp\/v2\/posts"}],"about":[{"href":"https:\/\/www.europesays.com\/fr\/wp-json\/wp\/v2\/types\/post"}],"author":[{"embeddable":true,"href":"https:\/\/www.europesays.com\/fr\/wp-json\/wp\/v2\/users\/2"}],"replies":[{"embeddable":true,"href":"https:\/\/www.europesays.com\/fr\/wp-json\/wp\/v2\/comments?post=204484"}],"version-history":[{"count":0,"href":"https:\/\/www.europesays.com\/fr\/wp-json\/wp\/v2\/posts\/204484\/revisions"}],"wp:featuredmedia":[{"embeddable":true,"href":"https:\/\/www.europesays.com\/fr\/wp-json\/wp\/v2\/media\/204485"}],"wp:attachment":[{"href":"https:\/\/www.europesays.com\/fr\/wp-json\/wp\/v2\/media?parent=204484"}],"wp:term":[{"taxonomy":"category","embeddable":true,"href":"https:\/\/www.europesays.com\/fr\/wp-json\/wp\/v2\/categories?post=204484"},{"taxonomy":"post_tag","embeddable":true,"href":"https:\/\/www.europesays.com\/fr\/wp-json\/wp\/v2\/tags?post=204484"}],"curies":[{"name":"wp","href":"https:\/\/api.w.org\/{rel}","templated":true}]}}