{"id":204486,"date":"2025-06-26T00:22:20","date_gmt":"2025-06-26T00:22:20","guid":{"rendered":"https:\/\/www.europesays.com\/fr\/204486\/"},"modified":"2025-06-26T00:22:20","modified_gmt":"2025-06-26T00:22:20","slug":"la-maire-du-7e-nous-repond","status":"publish","type":"post","link":"https:\/\/www.europesays.com\/fr\/204486\/","title":{"rendered":"la maire du 7e nous r\u00e9pond"},"content":{"rendered":"<p>            Par<br \/>\n        <strong><br \/>\n            <a href=\"https:\/\/actu.fr\/auteur\/anthony-soudani\" title=\"Consulter tous les articles de Anthony Soudani\" target=\"_blank\" rel=\"noopener\">Anthony Soudani<\/a><br \/>\n        <\/strong><\/p>\n<p>        Publi\u00e9 le<\/p>\n<p>            25 juin 2025 \u00e0 18h16        <\/p>\n<p>C\u2019est le plus vaste arrondissement de <a href=\"https:\/\/actu.fr\/lyon\/\" target=\"_blank\" rel=\"noopener\">Lyon<\/a> et elle en est \u00e0 la t\u00eate. Fanny Dubot, maire du 7e, tire le bilan \u00e0 moins d\u2019un an de la fin de son mandat. L\u2019\u00e9lue \u00e9cologiste, candidate \u00e0 sa succession, \u00e9voque l\u2019ins\u00e9curit\u00e9 \u00e0 <a href=\"https:\/\/actu.fr\/auvergne-rhone-alpes\/lyon_69123\/lyon-violentes-agressions-a-la-guillotiere-la-police-mene-une-operation-massive_62700761.html\" target=\"_blank\" rel=\"noopener\">Guilloti\u00e8re<\/a>, place Mazagran et Gabriel-P\u00e9ri, d\u00e9fendant l\u2019action municipale dans ce secteur.<br \/><strong>Fanny Dubot retient un mandat globalement positif<\/strong> et met en avant les nombreuses exp\u00e9rimentations et transformations men\u00e9es dans le 7e. Interview.<\/p>\n<p>\u00ab\u00a0Le 7e a \u00e9t\u00e9 le visage des transformations des \u00e9cologistes\u00a0\u00bb<\/p>\n<p class=\"ac-article-content__question wall-content\"><strong class=\"color-primary\">Actu : <\/strong>Quel bilan tirez-vous de votre premier mandat ? Quels sont les projets men\u00e9s ou en cours de travaux dont vous vous f\u00e9licitez particuli\u00e8rement ?<\/p>\n<p class=\" wall-content\"><strong class=\"color-primary\">Fanny Dubot : <\/strong>Je tire un bilan positif. Il y a la phase 3 de la rue Garibaldi, qui est encore aujourd&rsquo;hui en travaux, mais qui va changer le visage du nord-est de l&rsquo;arrondissement. Ce sera livr\u00e9 \u00e0 la fin du mandat. <\/p>\n<p>On a \u00e9t\u00e9 un arrondissement exp\u00e9rimentateur de beaucoup de politiques, comme les bornes \u00e0 compost. Si on parle de transformation, on a \u00e9t\u00e9 le premier arrondissement \u00e0 accueillir une Voie lyonnaise, sur les quais du Rh\u00f4ne. Pour moi, le 7e a \u00e9t\u00e9 le visage des transformations et des politiques des \u00e9cologistes.<\/p>\n<p>Notre souci \u00e0 la mairie d&rsquo;arrondissement, c&rsquo;\u00e9tait de conserver la mixit\u00e9 dans le 7\u1d49 en faisant en sorte de ne pas avoir des politiques que pour les bobos (les personnes les plus ais\u00e9es). Depuis 2023, on est territoire \u00ab\u00a0z\u00e9ro non recours au droit\u00a0\u00bb. On a r\u00e9ussi \u00e0 transformer l&rsquo;arrondissement sans oublier les plus fragiles.<\/p>\n<p>    <img   decoding=\"async\" loading=\"lazy\" src=\"https:\/\/www.europesays.com\/fr\/wp-content\/uploads\/2025\/06\/voie-lyonnaise-lyon-960x640.jpg\" alt=\"Les Voies lyonnaises vont continuer \u00e0 se multiplier \u00e0 Lyon et dans la m\u00e9tropole.\" width=\"960\" height=\"640\"\/><br \/>\n    Les Voies lyonnaises ont fleuri dans le 7e arrondissement au cours du mandat, m\u00eame si celle du cours Gambetta a \u00e9t\u00e9 report\u00e9e. (\u00a9Nicolas Zaugra\/ actu Lyon)<\/p>\n<p class=\"ac-article-content__question wall-content\">\u00cates-vous d\u00e9\u00e7ue que l&rsquo;am\u00e9nagement cyclable du cours Gambetta soit report\u00e9 ?<\/p>\n<p class=\" wall-content\"><strong class=\"color-primary\">F.D. : <\/strong>J&rsquo;aimerais avoir toujours plus pour notre arrondissement. Il a fallu faire des choix budg\u00e9taires et de calendrier. La Voie lyonnaise 12 sur la partie cours Gambetta a \u00e9t\u00e9 report\u00e9e, mais on a la VL8 en travaux rue de l&rsquo;Universit\u00e9 et rue Marc-Bloch. La VL7 a \u00e9t\u00e9 r\u00e9alis\u00e9e, tout comme la VL1 et la VL2. Mais j&rsquo;esp\u00e8re que le cours Gambetta sera am\u00e9nag\u00e9 au prochain mandat.<\/p>\n<p>Ins\u00e9curit\u00e9 \u00e0 Guilloti\u00e8re : \u00ab\u00a0Il y a eu des progr\u00e8s place Gabriel-P\u00e9ri\u00a0\u00bb<\/p>\n<p class=\"ac-article-content__question wall-content\">Qu&rsquo;est-ce qui pourrait \u00eatre am\u00e9lior\u00e9 dans le 7e ? Quels sont les points n\u00e9gatifs ?<\/p>\n<p class=\" wall-content\"><strong class=\"color-primary\">F.D. : <\/strong>On a encore plein de choses \u00e0 faire du point de vue de la s\u00e9curit\u00e9, de la tranquillit\u00e9 publique et les bonnes relations entre les habitants et un certain nombre de personnes qui occupent l&rsquo;espace public. Je pense qu&rsquo;il y a eu des progr\u00e8s place Gabriel-P\u00e9ri et place Mazagran (Guilloti\u00e8re), mais il faut encore que l&rsquo;on travaille sur cette question et sur la s\u00e9curit\u00e9 des femmes dans l&rsquo;espace public. Cela me tient \u00e0 c\u0153ur.<\/p>\n<p>Puis, le 7e reste un territoire de transformation. Je pense notamment \u00e0 Gerland o\u00f9 l&rsquo;on peut cr\u00e9er de nouveaux logements ou faire des am\u00e9nagements plus v\u00e9g\u00e9talis\u00e9s et accessibles.<\/p>\n<p class=\"ac-article-content__question wall-content\">Concernant Guilloti\u00e8re, vous aviez dit en 2021 dans la presse : \u00ab\u00a0Il m&rsquo;arrive de faire un d\u00e9tour. Je change de trottoir pour passer plus sereinement et \u00eatre s\u00fbre qu&rsquo;on n&rsquo;attrape pas mon sac.\u00a0\u00bb Faites-vous toujours autant attention dans ce secteur ?<\/p>\n<p class=\" wall-content\"><strong class=\"color-primary\">F.D. : <\/strong>J&rsquo;aimerais remettre les propos dans leur contexte. J&rsquo;habite place Gabriel-P\u00e9ri, donc j&rsquo;y passe tous les jours. C&rsquo;\u00e9tait une interview du Progr\u00e8s qui interrogeait les habitants et les habitantes de la place. Il se trouve qu&rsquo;en 2021, il y avait le march\u00e9 sauvage tous les jours. Je pense que j&rsquo;adoptais le comportement de la plupart des habitants, c&rsquo;est-\u00e0-dire : passer de l&rsquo;autre c\u00f4t\u00e9, sinon on n&rsquo;\u00e9tait pas en bonne position.<\/p>\n<p>Maintenant, le march\u00e9 sauvage n&rsquo;y est plus parce qu&rsquo;il y a eu beaucoup d&rsquo;efforts de pr\u00e9sence polici\u00e8re, avec des CRS. Mais j&rsquo;y habite toujours et j&rsquo;y passe toujours quatre fois par jour.<\/p>\n<p>    <img   decoding=\"async\" loading=\"lazy\" src=\"https:\/\/www.europesays.com\/fr\/wp-content\/uploads\/2025\/05\/police-guillotiere-lyon-tramway-960x640.png\" alt=\"Un vendeur \u00e0 la sauvette est verbalis\u00e9 lors d'une importante op\u00e9ration de police mardi 27 mai 2025 dans le quartier de la Guilloti\u00e8re \u00e0 Lyon.\" width=\"960\" height=\"640\"\/><br \/>\n    Un vendeur \u00e0 la sauvette verbalis\u00e9 lors d\u2019une importante op\u00e9ration de police mardi 27 mai 2025 dans le quartier de la Guilloti\u00e8re \u00e0 Lyon. (\u00a9JD \/ actu Lyon)\u00ab\u00a0Les Lyonnais ne doivent pas avoir peur de venir \u00e0 Guilloti\u00e8re\u00a0\u00bb<\/p>\n<p class=\"ac-article-content__question wall-content\">Qu&rsquo;est-ce qu&rsquo;il faudrait faire pour encore am\u00e9liorer la situation \u00e0 la place Gabriel-P\u00e9ri et aux alentours ?<\/p>\n<p class=\" wall-content\"><strong class=\"color-primary\">F.D. : <\/strong>D\u00e9j\u00e0, je veux dire aux Lyonnais qu&rsquo;ils ne doivent pas avoir peur de venir \u00e0 la Guilloti\u00e8re. Il y a des commerces et des habitants formidables. Il y a des \u00e9v\u00e9nements de quartier. C&rsquo;est ce qui a chang\u00e9 depuis 2020 avec plus d&rsquo;animations.<\/p>\n<p>Il faut poursuivre les efforts et passer du temps sur chacun des axes, s\u00e9curitaire comme social. Les personnes qui se retrouvent dans le trafic de drogue sont dans des situations sociales pr\u00e9caires. On a fait un certain nombre d&rsquo;am\u00e9nagements qui sont des r\u00e9ussites. <\/p>\n<p>Il y a une grande absente de ce plan, c&rsquo;est la justice. La police nous le dit : les arrestations sur la place Gabriel-P\u00e9ri n&rsquo;entra\u00eenent aucune peine. Il y a une forme de d\u00e9couragement quand on arr\u00eate toujours les m\u00eames personnes qui reviennent au m\u00eame endroit.<\/p>\n<p>    <img   decoding=\"async\" loading=\"lazy\" src=\"https:\/\/www.europesays.com\/fr\/wp-content\/uploads\/2025\/06\/guillotiere-bonde-dimanche-nouvel-an-chinois-960x640.png\" alt=\"Le Nouvel An chinois c\u00e9l\u00e9br\u00e9 ce dimanche 2 f\u00e9vrier \u00e0 Lyon a attir\u00e9 les foules \u00e0 Guilloti\u00e8re pour une journ\u00e9e de c\u00e9l\u00e9brations.\" width=\"960\" height=\"640\"\/><br \/>\n    Le Nouvel An chinois, c\u00e9l\u00e9br\u00e9 dimanche 2 f\u00e9vrier \u00e0 Lyon, a attir\u00e9 les foules \u00e0 Guilloti\u00e8re cette ann\u00e9e. (\u00a9Muriel Chaulet \/ Ville de Lyon)<\/p>\n<p class=\"ac-article-content__question wall-content\">La place de la femme dans les rues est l&rsquo;un de vos combats. Vous posez-vous en terrasse place Gabriel-P\u00e9ri et comment vous sentez-vous ?<\/p>\n<p class=\" wall-content\"><strong class=\"color-primary\">F.D. : <\/strong>Oui, je me pose en terrasse. Il y a un certain nombre de femmes qui ne se sentent pas \u00e0 l&rsquo;aise qui nous l&rsquo;ont dit : il y a des p\u00e9riodes qui \u00e9taient moins faciles. Mais il y a autant de femmes et d&rsquo;hommes au bar La Faute aux ours, par exemple. Je pense qu&rsquo;il faut que tout le monde puisse sortir \u00e0 l&rsquo;aise \u00e0 la Guilloti\u00e8re. C&rsquo;est important pour les commer\u00e7ants qui ont \u00e9norm\u00e9ment souffert.<\/p>\n<p>Parfois les gens ne viennent pas alors qu&rsquo;ils n&rsquo;y ont jamais mis un pied, mais c&rsquo;est l&rsquo;image qui a \u00e9t\u00e9 donn\u00e9e dans les m\u00e9dias qui leur font renoncer \u00e0 venir \u00e0 la Guilloti\u00e8re. Je le d\u00e9plore et je trouve cela injuste pour le quartier.<\/p>\n<p>Une quatri\u00e8me cam\u00e9ra place Mazagran o\u00f9 trafic et nuisances persistent<\/p>\n<p class=\"ac-article-content__question wall-content\">Vous avez \u00e9voqu\u00e9 des probl\u00e8mes de s\u00e9curit\u00e9 place Mazagran. Un point de deal \u00e0 ciel ouvert s&rsquo;est install\u00e9. De votre c\u00f4t\u00e9, vous proposez d&rsquo;installer des toilettes inclusives&#8230; est-ce vraiment la solution en termes d&rsquo;am\u00e9nagement ? Est-ce que ce sujet n&rsquo;est pas mis de c\u00f4t\u00e9 par la municipalit\u00e9 ?<\/p>\n<p class=\" wall-content\"><strong class=\"color-primary\">F.D. : <\/strong>Ce n&rsquo;est pas mis de c\u00f4t\u00e9 par la municipalit\u00e9. On y passe une grande partie de notre temps. Les moyens qui ont \u00e9t\u00e9 d\u00e9ploy\u00e9s place Gabriel-P\u00e9ri le sont aussi sur la place Mazagran. Les travailleurs sociaux y travaillent \u00e9galement. La police municipale fait sa tourn\u00e9e. Elle est tr\u00e8s souvent appel\u00e9e par les riverains et intervient. C\u00f4t\u00e9 pr\u00e9sence polici\u00e8re, \u00e7a a largement augment\u00e9 depuis le d\u00e9but du mandat.<\/p>\n<p>Il y avait z\u00e9ro cam\u00e9ra et aujourd&rsquo;hui, il y en a trois. Une quatri\u00e8me va \u00eatre bient\u00f4t install\u00e9e. On travaille sur diff\u00e9rents volets. Les am\u00e9nagements ont fonctionn\u00e9. L&rsquo;aire de jeux \u00e9tait squatt\u00e9e par les dealers, il n&rsquo;y a plus cette occupation. On continue les am\u00e9nagements pour g\u00eaner les activit\u00e9s ill\u00e9gales, d&rsquo;o\u00f9 le barri\u00e9rage au niveau des toilettes et leur changement. Cela va emp\u00eacher le trafic de drogue \u00e0 cet endroit-l\u00e0.<\/p>\n<p>    <img   decoding=\"async\" loading=\"lazy\" src=\"https:\/\/www.europesays.com\/fr\/wp-content\/uploads\/2025\/06\/mazagran-lyon-4-960x640.jpg\" alt=\"La police a proc\u00e9d\u00e9 \u00e0 deux interpellations pour outrage \u00e0 agent, mercredi 16 novembre, lors d'un \u00e9ni\u00e8me contr\u00f4le depuis septembre. \" width=\"960\" height=\"640\"\/><br \/>\n    La place Mazagran, lieu de trafics et nuisances, fait l\u2019objet d\u2019une surveillance renforc\u00e9e, selon la maire du 7e arrondissement. (\u00a9AS \/ archives actu Lyon)Une volont\u00e9 d\u2019investir dans la Halle Tony Garnier<\/p>\n<p class=\"ac-article-content__question wall-content\">Du c\u00f4t\u00e9 de Gerland, \u00e0 la Plaine des jeux, la prostitution a pris de l&rsquo;ampleur. Les camions blancs sont gar\u00e9s o\u00f9 s&rsquo;entra\u00eenent des enfants. \u00c0 c\u00f4t\u00e9, le restaurant l&rsquo;Argenson s&rsquo;en plaint. L\u00e0 encore, quelles sont les solutions ?<\/p>\n<p class=\" wall-content\"><strong class=\"color-primary\">F.D. : <\/strong>C&rsquo;est une question qui nous revient tr\u00e8s fr\u00e9quemment. Nous travaillons avec la pr\u00e9fecture pour que des moyens soient mis pour d\u00e9manteler ces r\u00e9seaux. On subventionne des associations qui interviennent pour la sant\u00e9 des prostitu\u00e9es.<\/p>\n<p>On a mis une cl\u00f4ture occultante pour que les enfants ne voient pas directement ces activit\u00e9s. Depuis quelques mois, des op\u00e9rations de police municipale et nationale font en sorte qu&rsquo;il n&rsquo;y ait pas d&rsquo;installations rue Jean-Bouin le mercredi apr\u00e8s-midi.<\/p>\n<p class=\"ac-article-content__question wall-content\">Toujours dans le quartier de Gerland, \u00eates-vous inqui\u00e8te de l&rsquo;avenir de la Halle Tony Garnier qui fait beaucoup parler avec la concurrence de la LDLC Arena ? Avez-vous peur pour son avenir ? Faut-il la privatiser ?<\/p>\n<p class=\" wall-content\"><strong class=\"color-primary\">F.D. : <\/strong>Je n&rsquo;ai pas peur pour son avenir si on est r\u00e9\u00e9lu \u00e0 la Ville de Lyon. Si ce n&rsquo;est pas le cas, j&rsquo;aurai un peu plus peur. Il y a d&rsquo;autres sc\u00e8nes priv\u00e9es qui se sont construites ces derni\u00e8res ann\u00e9es, peut-\u00eatre d&rsquo;autres vont encore l&rsquo;\u00eatre. Je crois que la Halle Tony Garnier a les atouts d&rsquo;une salle de centre-ville et l&rsquo;arriv\u00e9e du T10 \u00e0 Gerland va la rendre encore plus accessible. <\/p>\n<p>Il faut tout faire pour qu&rsquo;elle reste une salle de concerts fr\u00e9quent\u00e9e. Cela n\u00e9cessite des investissements que notre majorit\u00e9 est pr\u00eate \u00e0 faire. On d\u00e9fendra son statut public qui nous semble assez important pour l&rsquo;acc\u00e8s \u00e0 la culture.<\/p>\n<p class=\" wall-content\">Suivez toute l\u2019actualit\u00e9 de vos villes et m\u00e9dias favoris en vous inscrivant \u00e0 <a href=\"https:\/\/moncompte.actu.fr\" title=\"D\u00e9couvez Mon Actu\" rel=\"nofollow noopener\" data-trk=\"{&quot;cta&quot;:{&quot;action&quot;:&quot;https:\\\/\\\/moncompte.actu.fr&quot;,&quot;category&quot;:&quot;mon compte&quot;,&quot;from&quot;:&quot;article footer&quot;,&quot;name&quot;:&quot;Mon actu&quot;,&quot;type&quot;:&quot;cta&quot;}}\" target=\"_blank\">Mon Actu<\/a>.<\/p>\n","protected":false},"excerpt":{"rendered":"Par Anthony Soudani Publi\u00e9 le 25 juin 2025 \u00e0 18h16 C\u2019est le plus vaste arrondissement de Lyon et&hellip;\n","protected":false},"author":2,"featured_media":204487,"comment_status":"","ping_status":"","sticky":false,"template":"","format":"standard","meta":{"footnotes":""},"categories":[1889],"tags":[1111,11,2430,1777,674,1011,27,23173,2825,2428,12,316,25,23308],"class_list":{"0":"post-204486","1":"post","2":"type-post","3":"status-publish","4":"format-standard","5":"has-post-thumbnail","7":"category-lyon","8":"tag-actu","9":"tag-actualites","10":"tag-auvergne-rhone-alpes","11":"tag-eu","12":"tag-europe","13":"tag-fr","14":"tag-france","15":"tag-guillotiere","16":"tag-insecurite","17":"tag-lyon","18":"tag-news","19":"tag-politique","20":"tag-republique-francaise","21":"tag-voies-lyonnaises"},"share_on_mastodon":{"url":"https:\/\/pubeurope.com\/@fr\/114746814944113724","error":""},"_links":{"self":[{"href":"https:\/\/www.europesays.com\/fr\/wp-json\/wp\/v2\/posts\/204486","targetHints":{"allow":["GET"]}}],"collection":[{"href":"https:\/\/www.europesays.com\/fr\/wp-json\/wp\/v2\/posts"}],"about":[{"href":"https:\/\/www.europesays.com\/fr\/wp-json\/wp\/v2\/types\/post"}],"author":[{"embeddable":true,"href":"https:\/\/www.europesays.com\/fr\/wp-json\/wp\/v2\/users\/2"}],"replies":[{"embeddable":true,"href":"https:\/\/www.europesays.com\/fr\/wp-json\/wp\/v2\/comments?post=204486"}],"version-history":[{"count":0,"href":"https:\/\/www.europesays.com\/fr\/wp-json\/wp\/v2\/posts\/204486\/revisions"}],"wp:featuredmedia":[{"embeddable":true,"href":"https:\/\/www.europesays.com\/fr\/wp-json\/wp\/v2\/media\/204487"}],"wp:attachment":[{"href":"https:\/\/www.europesays.com\/fr\/wp-json\/wp\/v2\/media?parent=204486"}],"wp:term":[{"taxonomy":"category","embeddable":true,"href":"https:\/\/www.europesays.com\/fr\/wp-json\/wp\/v2\/categories?post=204486"},{"taxonomy":"post_tag","embeddable":true,"href":"https:\/\/www.europesays.com\/fr\/wp-json\/wp\/v2\/tags?post=204486"}],"curies":[{"name":"wp","href":"https:\/\/api.w.org\/{rel}","templated":true}]}}