{"id":204490,"date":"2025-06-26T00:25:10","date_gmt":"2025-06-26T00:25:10","guid":{"rendered":"https:\/\/www.europesays.com\/fr\/204490\/"},"modified":"2025-06-26T00:25:10","modified_gmt":"2025-06-26T00:25:10","slug":"mercato-paris-fc-projet-de-jeu-salaire-naturalisation-comment-le-promu-parisien-a-attire-moses-simon","status":"publish","type":"post","link":"https:\/\/www.europesays.com\/fr\/204490\/","title":{"rendered":"Mercato Paris FC\u00a0: projet de jeu, salaire, naturalisation\u2026 Comment le promu parisien a attir\u00e9 Moses Simon"},"content":{"rendered":"<p class=\"paragraph text_align_left lp-f-body-02\">C\u2019est le premier gros coup du mercato du <a href=\"https:\/\/www.leparisien.fr\/sports\/football\/paris-fc\/\" target=\"_blank\" rel=\"noreferrer nofollow noopener\">Paris FC<\/a>. Apr\u00e8s un accord entre les diff\u00e9rentes parties la semaine derni\u00e8re, <a href=\"https:\/\/www.leparisien.fr\/sports\/football\/ligue-1\/mercato-paris-fc-lattaquant-moses-simon-premier-gros-renfort-pour-la-ligue-1-18-06-2025-CF32RRYLRBF4BGOZVGHAPUPHDU.php\" target=\"_blank\" rel=\"noreferrer nofollow noopener\">Moses Simon<\/a> a pass\u00e9 sa visite m\u00e9dicale et a sign\u00e9 son contrat de trois ans ce mardi soir. L\u2019international nig\u00e9rian (81 s\u00e9lections), qui f\u00eatera ses 30 ans le 12 juillet, a lui-m\u00eame annonc\u00e9 son d\u00e9part de Nantes par une vid\u00e9o et un message sur ses r\u00e9seaux sociaux avant <a href=\"https:\/\/www.leparisien.fr\/sports\/football\/ligue-1\/mercato-paris-fc-larrivee-de-moses-simon-officialisee-25-06-2025-IKZMX6EDBJEC7MR2K446OBSF2M.php\" target=\"_blank\" rel=\"noreferrer nofollow noopener\">l\u2019officialisation du Paris FC<\/a> ce mercredi matin.<\/p>\n","protected":false},"excerpt":{"rendered":"C\u2019est le premier gros coup du mercato du Paris FC. Apr\u00e8s un accord entre les diff\u00e9rentes parties la&hellip;\n","protected":false},"author":2,"featured_media":204491,"comment_status":"","ping_status":"","sticky":false,"template":"","format":"standard","meta":{"footnotes":""},"categories":[1888],"tags":[1111,1928,11,1927,1777,674,63,1011,27,12,1926,626,445,1925,25,60],"class_list":{"0":"post-204490","1":"post","2":"type-post","3":"status-publish","4":"format-standard","5":"has-post-thumbnail","7":"category-paris","8":"tag-actu","9":"tag-actu-paris","10":"tag-actualites","11":"tag-actualites-paris","12":"tag-eu","13":"tag-europe","14":"tag-football","15":"tag-fr","16":"tag-france","17":"tag-news","18":"tag-news-paris","19":"tag-paris","20":"tag-paris-fc","21":"tag-paris-news","22":"tag-republique-francaise","23":"tag-sports"},"share_on_mastodon":{"url":"https:\/\/pubeurope.com\/@fr\/114746826866525175","error":""},"_links":{"self":[{"href":"https:\/\/www.europesays.com\/fr\/wp-json\/wp\/v2\/posts\/204490","targetHints":{"allow":["GET"]}}],"collection":[{"href":"https:\/\/www.europesays.com\/fr\/wp-json\/wp\/v2\/posts"}],"about":[{"href":"https:\/\/www.europesays.com\/fr\/wp-json\/wp\/v2\/types\/post"}],"author":[{"embeddable":true,"href":"https:\/\/www.europesays.com\/fr\/wp-json\/wp\/v2\/users\/2"}],"replies":[{"embeddable":true,"href":"https:\/\/www.europesays.com\/fr\/wp-json\/wp\/v2\/comments?post=204490"}],"version-history":[{"count":0,"href":"https:\/\/www.europesays.com\/fr\/wp-json\/wp\/v2\/posts\/204490\/revisions"}],"wp:featuredmedia":[{"embeddable":true,"href":"https:\/\/www.europesays.com\/fr\/wp-json\/wp\/v2\/media\/204491"}],"wp:attachment":[{"href":"https:\/\/www.europesays.com\/fr\/wp-json\/wp\/v2\/media?parent=204490"}],"wp:term":[{"taxonomy":"category","embeddable":true,"href":"https:\/\/www.europesays.com\/fr\/wp-json\/wp\/v2\/categories?post=204490"},{"taxonomy":"post_tag","embeddable":true,"href":"https:\/\/www.europesays.com\/fr\/wp-json\/wp\/v2\/tags?post=204490"}],"curies":[{"name":"wp","href":"https:\/\/api.w.org\/{rel}","templated":true}]}}