{"id":204495,"date":"2025-06-26T00:28:10","date_gmt":"2025-06-26T00:28:10","guid":{"rendered":"https:\/\/www.europesays.com\/fr\/204495\/"},"modified":"2025-06-26T00:28:10","modified_gmt":"2025-06-26T00:28:10","slug":"arbres-couches-quais-inondes-rafales-de-vent-a-90-km-h-les-images-du-violent-orage-qui-a-frappe-paris","status":"publish","type":"post","link":"https:\/\/www.europesays.com\/fr\/204495\/","title":{"rendered":"Arbres couch\u00e9s, quais inond\u00e9s, rafales de vent \u00e0 90 km\/h&#8230; Les images du violent orage qui a frapp\u00e9 Paris"},"content":{"rendered":"<p>La capitale a \u00e9t\u00e9 touch\u00e9e par un violent orage ce mercredi, au 7e jour d\u2019une vague de chaleur nationale pr\u00e9coce. Des pluies diluviennes sont tomb\u00e9es en d\u00e9but de soir\u00e9e.<\/p>\n<p class=\"fig-paragraph\">Au 7e jour d\u2019une vague de chaleur nationale pr\u00e9coce o\u00f9 la barre des 40\u00b0C a de nouveau \u00e9t\u00e9 franchie, la France conna\u00eet un risque de ph\u00e9nom\u00e8nes violents associ\u00e9s (gr\u00eale, rafales, fortes pluies et intense activit\u00e9 \u00e9lectrique) ce mercredi. Peu apr\u00e8s 21h, la d\u00e9pression orageuse a frapp\u00e9 Paris\u00a0<a href=\"http:\/\/www.lefigaro.fr\/meteo\/rafales-a-plus-de-120-km-h-pluies-torrentielles-sur-paris-grelons-les-images-impressionnantes-des-orages-qui-ont-frappe-la-france-20250625\" target=\"_blank\" data-fig-type=\"NewsFlash\" rel=\"noopener\" data-gtm-custom-categorie=\"navigation\" data-gtm-custom-action=\"crossclick\" data-gtm-custom-label=\"Contextuel\" data-gtm-event=\"customEventSPE\" data-fig-domain=\"LEFIGARO\">apr\u00e8s avoir d\u00e9j\u00e0 balay\u00e9 une large partie du sud-ouest<\/a>, o\u00f9 les gr\u00ealons et les rafales d\u00e9passant les 140 km\/h ont touch\u00e9 de nombreux d\u00e9partements.\u00a0L\u2019\u00cele-de-France \u00e9tait plac\u00e9e en alerte orange pour les orages par La Cha\u00eene M\u00e9t\u00e9o*.<\/p>\n<p class=\"fig-paragraph\">La temp\u00e9rature a connu une chute drastique dans la capitale peu apr\u00e8s 20h. Selon M\u00e9t\u00e9o-Paris, le thermom\u00e8tre a perdu pr\u00e8s de 11,4\u00b0C en seulement 20 minutes. De fortes pluies ont ensuite fondu sur l\u2019ensemble de l\u2019agglom\u00e9ration. Les intemp\u00e9ries ont provoqu\u00e9 l\u2019inondation des quais de Grenelle, o\u00f9 les voitures se d\u00e9pla\u00e7aient au ralenti pour se frayer un chemin au milieu des flots. \u00abEn raison de l\u2019intensit\u00e9 des pluies, quelques ruissellements urbains sont signal\u00e9s dans Paris ce soir\u00bb, avance \u00e9galement La Cha\u00eene M\u00e9t\u00e9o*, en relayant une vid\u00e9o sur X d\u2019une rue sous les eaux.<\/p>\n<p class=\"fig-paragraph\">Plusieurs stations de m\u00e9tro ont \u00e9t\u00e9 ferm\u00e9es, victimes des inondations. Sur la ligne 1, la station Franklin D. Roosevelt n\u2019\u00e9tait plus desservie ce mercredi soir. Idem sur la ligne 2 avec Victor-Hugo et Franklin D. Roosevelt, la ligne 9 avec Alma-Marceau et la ligne 12 avec Porte de Versailles. La ligne de tramway T8 ainsi que celles des RER A et D \u00e9taient \u00e9galement perturb\u00e9es. Le trafic est \u00e9galement interrompu \u00abentre Saint-Lazare et Saint-Denis &#8211; Pleyel jusqu\u2019\u00e0 fin de service\u00bb de la ligne 14 en raison \u00abdes intemp\u00e9ries\u00bb, indique le compte X de la ligne de m\u00e9tro.<\/p>\n<p>Une quarantaine de chutes d\u2019arbres<\/p>\n<p class=\"fig-paragraph\">Les rafales de vent qui ont fr\u00f4l\u00e9 les 100 km\/h, avec 87 km\/h au niveau de la station de Paris-Montsouris et 112 km\/h au niveau de la Tour Eiffel, ont provoqu\u00e9 la chute d\u2019arbres dans divers arrondissements de Paris, dont le 16e sur le boulevard Exelmans et dans le 17e. Selon les pompiers, une quarantaine de chutes d\u2019arbres ont \u00e9t\u00e9 d\u00e9nombr\u00e9es \u00e0 22h30. Aucun bless\u00e9 n\u2019a \u00e9t\u00e9 signal\u00e9 par les secours.<\/p>\n<p class=\"fig-paragraph\">Sur X, les pompiers de Paris ont assur\u00e9 avoir re\u00e7u \u00abun tr\u00e8s grand nombre d\u2019appels\u00bb et \u00abinvitent \u00e0 lib\u00e9rer imm\u00e9diatement la ligne de secours\u00bb, \u00e0 n\u2019utiliser qu\u2019en cas d\u2019urgence av\u00e9r\u00e9e.<\/p>\n<p class=\"fig-paragraph\">D\u2019autres photos d\u2019arbres couch\u00e9s sur la chauss\u00e9e ont \u00e9t\u00e9 prises \u00e0 Boulogne-Billancourt. Le \u00abviolent orage\u00bb a balay\u00e9 Paris avec des \u00ab\u00e9clairs incessants, des bourrasques et des pluies torrentielles\u00bb, note La Cha\u00eene M\u00e9t\u00e9o sur son compte X.<\/p>\n<p class=\"fig-paragraph\">La s\u00e9ance de l\u2019Assembl\u00e9e nationale\u00a0<a href=\"http:\/\/www.lefigaro.fr\/politique\/ca-fuit-le-debat-a-l-assemblee-sur-la-guerre-iran-israel-momentanement-interrompu-par-une-fuite-d-eau-pendant-les-orages-20250625\" target=\"_blank\" data-fig-type=\"NewsFlash\" rel=\"noopener\" data-gtm-custom-categorie=\"navigation\" data-gtm-custom-action=\"crossclick\" data-gtm-custom-label=\"Contextuel\" data-gtm-event=\"customEventSPE\" data-fig-domain=\"LEFIGARO\">a m\u00eame \u00e9t\u00e9 suspendue en raison d\u2019une fuite dans le plafond de l\u2019institution<\/a>, alors que le premier ministre Fran\u00e7ois Bayrou a re\u00e7u quelques gouttes au cours de son intervention au cours d\u2019un d\u00e9bat sur la situation au Moyen-Orient.<\/p>\n<p class=\"fig-paragraph\">L\u2019orage s\u2019est finalement calm\u00e9 aux alentours de 22h sur Paris, avec le front orageux qui s\u2019est d\u00e9cal\u00e9 vers le centre de la France. Les orages doivent \u00e9voluer ensuite \u00abvers l\u2019est\u00bb et concerneront \u00abplut\u00f4t en soir\u00e9e le Bassin parisien puis le nord et le nord-est du pays\u00bb, explique M\u00e9t\u00e9o-France. La France est travers\u00e9e depuis le 19 juin par sa 50e vague de chaleur nationale depuis 1947, dont la moiti\u00e9 ont \u00e9t\u00e9 subies au 21e si\u00e8cle.<\/p>\n<p>    Un arbre couch\u00e9 \u00e0 Malakoff (Hauts-de-Seine) ce mercredi 25 janvier.<br \/>\n                DR<\/p>\n<p class=\"fig-paragraph\">*La Cha\u00eene M\u00e9t\u00e9o est une propri\u00e9t\u00e9 du groupe Le Figaro.<\/p>\n","protected":false},"excerpt":{"rendered":"La capitale a \u00e9t\u00e9 touch\u00e9e par un violent orage ce mercredi, au 7e jour d\u2019une vague de chaleur&hellip;\n","protected":false},"author":2,"featured_media":204496,"comment_status":"","ping_status":"","sticky":false,"template":"","format":"standard","meta":{"footnotes":""},"categories":[1888],"tags":[11,1777,674,1011,27,2487,7750,7752,7751,7749,2357,12,4594,626,7748,25],"class_list":{"0":"post-204495","1":"post","2":"type-post","3":"status-publish","4":"format-standard","5":"has-post-thumbnail","7":"category-paris","8":"tag-actualites","9":"tag-eu","10":"tag-europe","11":"tag-fr","12":"tag-france","13":"tag-meteo","14":"tag-meteo-aujourdhui","15":"tag-meteo-demain","16":"tag-meteo-du-jour","17":"tag-meteo-paris","18":"tag-meteo-france","19":"tag-news","20":"tag-orages","21":"tag-paris","22":"tag-prevision-meteo","23":"tag-republique-francaise"},"share_on_mastodon":{"url":"https:\/\/pubeurope.com\/@fr\/114746838746985706","error":""},"_links":{"self":[{"href":"https:\/\/www.europesays.com\/fr\/wp-json\/wp\/v2\/posts\/204495","targetHints":{"allow":["GET"]}}],"collection":[{"href":"https:\/\/www.europesays.com\/fr\/wp-json\/wp\/v2\/posts"}],"about":[{"href":"https:\/\/www.europesays.com\/fr\/wp-json\/wp\/v2\/types\/post"}],"author":[{"embeddable":true,"href":"https:\/\/www.europesays.com\/fr\/wp-json\/wp\/v2\/users\/2"}],"replies":[{"embeddable":true,"href":"https:\/\/www.europesays.com\/fr\/wp-json\/wp\/v2\/comments?post=204495"}],"version-history":[{"count":0,"href":"https:\/\/www.europesays.com\/fr\/wp-json\/wp\/v2\/posts\/204495\/revisions"}],"wp:featuredmedia":[{"embeddable":true,"href":"https:\/\/www.europesays.com\/fr\/wp-json\/wp\/v2\/media\/204496"}],"wp:attachment":[{"href":"https:\/\/www.europesays.com\/fr\/wp-json\/wp\/v2\/media?parent=204495"}],"wp:term":[{"taxonomy":"category","embeddable":true,"href":"https:\/\/www.europesays.com\/fr\/wp-json\/wp\/v2\/categories?post=204495"},{"taxonomy":"post_tag","embeddable":true,"href":"https:\/\/www.europesays.com\/fr\/wp-json\/wp\/v2\/tags?post=204495"}],"curies":[{"name":"wp","href":"https:\/\/api.w.org\/{rel}","templated":true}]}}