{"id":204501,"date":"2025-06-26T00:31:15","date_gmt":"2025-06-26T00:31:15","guid":{"rendered":"https:\/\/www.europesays.com\/fr\/204501\/"},"modified":"2025-06-26T00:31:15","modified_gmt":"2025-06-26T00:31:15","slug":"achat-des-f-35-le-conseil-federal-defend-le-prix-convenu-washington-evoque-un-malentendu-rts-ch","status":"publish","type":"post","link":"https:\/\/www.europesays.com\/fr\/204501\/","title":{"rendered":"Achat des F-35: le Conseil f\u00e9d\u00e9ral d\u00e9fend le prix convenu, Washington \u00e9voque un \u00ab\u00a0malentendu\u00a0\u00bb &#8211; rts.ch"},"content":{"rendered":"<p>Le Conseil f\u00e9d\u00e9ral s&rsquo;est d\u00e9fendu mercredi en conf\u00e9rence de presse face \u00e0 la pol\u00e9mique li\u00e9e au surco\u00fbt de plus d&rsquo;un milliard sur l&rsquo;achat des avions de combat F-35. Il maintient avoir convenu d&rsquo;un prix ferme avec les Etats-Unis, qui \u00e9voquent pour leur part un \u00ab\u00a0malentendu\u00a0\u00bb.<\/p>\n<p>Selon une enqu\u00eate relay\u00e9e en premier lieu par SRF, le prix annonc\u00e9 d&rsquo;environ six milliards de francs n\u00e9goci\u00e9 pour l&rsquo;achat d&rsquo;avions furtifs am\u00e9ricains F-35A ne pourra pas \u00eatre respect\u00e9. Le surco\u00fbt pourrait s&rsquo;\u00e9lever \u00e0 1,3 voire 1,5 milliard de francs.<\/p>\n<p>Deux sources confidentielles de l&rsquo;administration f\u00e9d\u00e9rale avaient alors confirm\u00e9 \u00e0 SRF qu&rsquo;aucun prix fixe n&rsquo;avait \u00e9t\u00e9 n\u00e9goci\u00e9 avec la Suisse et que les Etats-Unis exigeaient d\u00e9sormais davantage.<\/p>\n<p><strong class=\"inline-title\">&gt;&gt; Lire sur ce sujet\u00a0: <\/strong><a href=\"https:\/\/www.rts.ch\/info\/suisse\/2025\/article\/f-35-le-cout-pour-la-suisse-pourrait-depasser-d-un-milliard-le-budget-prevu-28920497.html\" data-item-id=\"richtext_link\" rel=\"nofollow noopener\" target=\"_blank\">L&rsquo;achat des avions de combat F-35 pourrait co\u00fbter un milliard de plus que pr\u00e9vu<\/a><\/p>\n<p>\u00ab\u00a0Prix ferme\u00a0\u00bb bel et bien convenu<\/p>\n<p>Le prix fixe des avions de combat n\u00e9goci\u00e9 avec les Etats-Unis est \u00ab\u00a0valide\u00a0\u00bb, a martel\u00e9 mercredi le Conseil f\u00e9d\u00e9ral, en approuvant la suite de la proc\u00e9dure d\u2019acquisition pr\u00e9conis\u00e9e par le d\u00e9partement de la D\u00e9fense (DDPS) et les discussions diplomatiques sur le prix ferme convenu.<\/p>\n<p>\u00ab\u00a0La Suisse et les \u00c9tats-Unis ont convenu contractuellement d&rsquo;un prix ferme\u00a0\u00bb, maintient le Conseil f\u00e9d\u00e9ral. \u00ab\u00a0Celui-ci a \u00e9t\u00e9 confirm\u00e9 officiellement, \u00e0 la fois par les rapports d\u2019expertise de plusieurs \u00e9tudes d\u2019avocats et par l\u2019ambassade am\u00e9ricaine \u00e0 Berne.\u00a0\u00bb<\/p>\n<p>Un \u00ab\u00a0malentendu\u00a0\u00bb<\/p>\n<p>Toutefois, en ao\u00fbt 2024, \u00ab\u00a0le Joint Program Office (JPO), qui est responsable de tous les projets li\u00e9s au F-35, a annonc\u00e9 \u00e0 armasuisse qu&rsquo;il pourrait y avoir un surco\u00fbt, sans plus de pr\u00e9cisions\u00a0\u00bb, explique le coll\u00e8ge. \u00ab\u00a0\u00c0 la fin f\u00e9vrier 2025, la Defense Security Cooperation Agency (DSCA) a inform\u00e9 la Suisse par \u00e9crit que le prix ferme convenu reposait, selon elle, sur un malentendu, sans pour autant chiffrer les co\u00fbts suppl\u00e9mentaires.\u00a0\u00bb<\/p>\n<p>Une enqu\u00eate du Contr\u00f4le f\u00e9d\u00e9ral des finances avait d\u00e9j\u00e0 \u00e9mis des doutes sur l&rsquo;existence d&rsquo;un prix fixe en 2021, concluant qu&rsquo;il n&rsquo;existait \u00ab\u00a0pas de garantie juridique pour un prix fixe au sens d&rsquo;un forfait\u00a0\u00bb selon la jurisprudence suisse. Au Parlement, la rumeur selon laquelle les F-35 seraient massivement plus chers circule aussi depuis plusieurs semaines.<\/p>\n<p>Plainte ou rupture de contrat exclues<\/p>\n<p>Le Conseil f\u00e9d\u00e9ral d\u00e9fend toutefois la validit\u00e9 du prix convenu et estime qu&rsquo;il s&rsquo;agit maintenant de n\u00e9gocier une solution, \u00ab\u00a0un r\u00e8glement du probl\u00e8me par voie juridique \u00e9tant formellement exclu\u00a0\u00bb. Selon lui, une rupture du contrat avec le gouvernement am\u00e9ricain aurait \u00ab\u00a0des cons\u00e9quences consid\u00e9rables\u00a0\u00bb. Elle \u00ab\u00a0emp\u00eacherait la Suisse de garantir la s\u00e9curit\u00e9 de son espace a\u00e9rien\u00a0\u00bb \u00e0 partir de 2032. L&rsquo;achat du jet de Lockheed Martin est donc maintenu.<\/p>\n<p>Contenu externe<\/p>\n<p> Ce contenu externe ne peut pas \u00eatre affich\u00e9 car il est susceptible de collecter des donn\u00e9es personnelles. Pour voir ce contenu vous devez autoriser la cat\u00e9gorie <strong>Services Tiers<\/strong>. <\/p>\n<p> Accepter Plus d&rsquo;info <\/p>\n<p>Dans son ensemble, le programme Air2030 pr\u00e9voit l&rsquo;acquisition de ces 36 nouveaux avions de combat et de cinq unit\u00e9s du syst\u00e8me de d\u00e9fense sol-air de longue port\u00e9e Patriot, \u00ab\u00a0renouvelant ainsi le syst\u00e8me de surveillance de l\u2019espace a\u00e9rien et de conduite des op\u00e9rations a\u00e9riennes\u00a0\u00bb, rappelle le gouvernement dans un communiqu\u00e9. Cependant, \u00ab\u00a0ces derniers mois, certains pans du programme ont rencontr\u00e9 des obstacles de diverses origines.\u00a0\u00bb<\/p>\n<p><strong class=\"inline-title\">&gt;&gt; Lire \u00e0 ce sujet\u00a0: <\/strong><a href=\"https:\/\/www.rts.ch\/info\/suisse\/2025\/article\/achat-des-f-35-le-parlement-suisse-s-interroge-face-aux-incertitudes-28812533.html\" data-item-id=\"richtext_link\" rel=\"nofollow noopener\" target=\"_blank\">L&rsquo;arm\u00e9e suisse doit-elle revoir son contrat d&rsquo;achat des F-35 am\u00e9ricains? Des \u00e9lus se questionnent<\/a><\/p>\n<p>\u00ab\u00a0Le probl\u00e8me est \u00e0 voir du c\u00f4t\u00e9 des Etats-Unis\u00a0\u00bb<\/p>\n<p>Pour le centriste jurassien Charles Juillard, membre de la commission de la politique de s\u00e9curit\u00e9 du Conseil des Etats, le probl\u00e8me n&rsquo;est pas \u00e0 voir chez nous, mais plut\u00f4t du c\u00f4t\u00e9 des Etats-Unis. \u00ab\u00a0Ce contrat, il a \u00e9t\u00e9 n\u00e9goci\u00e9 entre deux gouvernements, et en particulier, la clause du prix fixe a \u00e9t\u00e9 sp\u00e9cialement n\u00e9goci\u00e9e en marge de ce contrat\u00a0\u00bb, souligne-t-il mercredi au micro du 19h30.<\/p>\n<p>Avant d&rsquo;ajouter concernant l&rsquo;excuse de Washington qui \u00e9voque un \u00ab\u00a0malentendu\u00a0\u00bb: \u00ab\u00a0Avec la nouvelle administration Trump, il faut s&rsquo;attendre \u00e0 tout.\u00a0Et ce ne serait pas la premi\u00e8re fois que d&rsquo;un c\u00f4t\u00e9 on nous dit une chose et qu&rsquo;ensuite, on dit autre chose.\u00a0\u00bb<\/p>\n<p>Quoi qu&rsquo;il en soit, annuler le contrat serait \u00ab\u00a0la pire chose \u00e0 faire\u00a0\u00bb. \u00ab\u00a0Aujourd&rsquo;hui, nous avons besoin de ces avions.\u00a0Nous savons la longue liste d&rsquo;attente qu&rsquo;il y a pour pouvoir se procurer des avions de combat.\u00a0Et je crois qu&rsquo;il faut faire confiance \u00e0 nos n\u00e9gociateurs pour faire admettre que le contrat tel qu&rsquo;il a \u00e9t\u00e9 sign\u00e9 entre la Suisse et les Etats-Unis contient un prix fixe, un point c&rsquo;est tout.\u00a0\u00bb<\/p>\n<p> &gt;&gt; L&rsquo;interview compl\u00e8te de Charles Juillard dans le 19h30\u00a0:   <img decoding=\"async\" class=\"embed-responsive-item\" loading=\"lazy\" src=\"https:\/\/www.europesays.com\/fr\/wp-content\/uploads\/2025\/06\/s5hjpx-28925109.image\" alt=\"Le conseiller aux Etats Charles Juillard \u00e0 propos du co\u00fbt des F-35\"\/>    Le conseiller aux Etats Charles Juillard \u00e0 propos du co\u00fbt des F-35 \/ 19h30 \/ 3 min. \/ hier \u00e0 19:30 <\/p>\n<p class=\"sources\">jop avec ats<\/p>\n","protected":false},"excerpt":{"rendered":"Le Conseil f\u00e9d\u00e9ral s&rsquo;est d\u00e9fendu mercredi en conf\u00e9rence de presse face \u00e0 la pol\u00e9mique li\u00e9e au surco\u00fbt de&hellip;\n","protected":false},"author":2,"featured_media":204502,"comment_status":"","ping_status":"","sticky":false,"template":"","format":"standard","meta":{"footnotes":""},"categories":[1589],"tags":[15718,11,1924,17918,16947,554,6359,9860,26989,73,1866,418,34328,26990,74,33527,12,316,3067,31346,800,1864,1865,1863,308],"class_list":{"0":"post-204501","1":"post","2":"type-post","3":"status-publish","4":"format-standard","5":"has-post-thumbnail","7":"category-etats-unis","8":"tag-achat","9":"tag-actualites","10":"tag-armement","11":"tag-avion-de-chasse","12":"tag-conseil-federal-suisse","13":"tag-defense","14":"tag-economie-et-finances","15":"tag-electronique","16":"tag-equipement-militaire","17":"tag-etats-unis","18":"tag-etats-unis-damerique","19":"tag-gouvernement","20":"tag-industrie-aeronautique","21":"tag-industrie-de-larmement","22":"tag-monde","23":"tag-negociation","24":"tag-news","25":"tag-politique","26":"tag-suisse","27":"tag-technologies-de-linformation-et-de-la-communication","28":"tag-transports","29":"tag-united-states","30":"tag-united-states-of-america","31":"tag-us","32":"tag-usa"},"share_on_mastodon":{"url":"https:\/\/pubeurope.com\/@fr\/114746850519900370","error":""},"_links":{"self":[{"href":"https:\/\/www.europesays.com\/fr\/wp-json\/wp\/v2\/posts\/204501","targetHints":{"allow":["GET"]}}],"collection":[{"href":"https:\/\/www.europesays.com\/fr\/wp-json\/wp\/v2\/posts"}],"about":[{"href":"https:\/\/www.europesays.com\/fr\/wp-json\/wp\/v2\/types\/post"}],"author":[{"embeddable":true,"href":"https:\/\/www.europesays.com\/fr\/wp-json\/wp\/v2\/users\/2"}],"replies":[{"embeddable":true,"href":"https:\/\/www.europesays.com\/fr\/wp-json\/wp\/v2\/comments?post=204501"}],"version-history":[{"count":0,"href":"https:\/\/www.europesays.com\/fr\/wp-json\/wp\/v2\/posts\/204501\/revisions"}],"wp:featuredmedia":[{"embeddable":true,"href":"https:\/\/www.europesays.com\/fr\/wp-json\/wp\/v2\/media\/204502"}],"wp:attachment":[{"href":"https:\/\/www.europesays.com\/fr\/wp-json\/wp\/v2\/media?parent=204501"}],"wp:term":[{"taxonomy":"category","embeddable":true,"href":"https:\/\/www.europesays.com\/fr\/wp-json\/wp\/v2\/categories?post=204501"},{"taxonomy":"post_tag","embeddable":true,"href":"https:\/\/www.europesays.com\/fr\/wp-json\/wp\/v2\/tags?post=204501"}],"curies":[{"name":"wp","href":"https:\/\/api.w.org\/{rel}","templated":true}]}}