{"id":204514,"date":"2025-06-26T00:38:09","date_gmt":"2025-06-26T00:38:09","guid":{"rendered":"https:\/\/www.europesays.com\/fr\/204514\/"},"modified":"2025-06-26T00:38:09","modified_gmt":"2025-06-26T00:38:09","slug":"sncf-voyageurs-et-radio-france-signent-un-partenariat","status":"publish","type":"post","link":"https:\/\/www.europesays.com\/fr\/204514\/","title":{"rendered":"SNCF Voyageurs et Radio France signent un partenariat"},"content":{"rendered":"<p>SNCF Voyageurs et <a target=\"_blank\" rel=\"noopener\" href=\"https:\/\/fr.themedialeader.com\/diffusion-digitale-des-radios-de-lacpm-le-trio-de-tete-toujours-domine-par-radio-france-et-rmc\/\">Radio France<\/a> ont sign\u00e9 un partenariat pour offrir aux voyageurs de TGV INOUI une s\u00e9lection de podcasts des radios du service public.<\/p>\n<p>Au total, plus de 250 \u00e9pisodes de 17 s\u00e9ries phares de France Inter, ICI (anciennement France Bleu), France Culture, France Musique et FIP sont disponibles sur le portail Wifi de tous les TGV INOUI.<\/p>\n<p>Radio France a \u00e9labor\u00e9 pour ce service une s\u00e9lection de podcasts refl\u00e9tant toute la diversit\u00e9 de son catalogue avec des formats vari\u00e9s autour de th\u00e9matiques telles que l\u2019Histoire, la gastronomie, les faits divers, la musique, ou encore les d\u00e9couvertes de bonnes adresses locales et 5 de ses collections de podcasts destin\u00e9s aux enfants.<\/p>\n","protected":false},"excerpt":{"rendered":"SNCF Voyageurs et Radio France ont sign\u00e9 un partenariat pour offrir aux voyageurs de TGV INOUI une s\u00e9lection&hellip;\n","protected":false},"author":2,"featured_media":204515,"comment_status":"","ping_status":"","sticky":false,"template":"","format":"standard","meta":{"footnotes":""},"categories":[4],"tags":[11,1011,27,12,2927,25],"class_list":{"0":"post-204514","1":"post","2":"type-post","3":"status-publish","4":"format-standard","5":"has-post-thumbnail","7":"category-france","8":"tag-actualites","9":"tag-fr","10":"tag-france","11":"tag-news","12":"tag-podcasts","13":"tag-republique-francaise"},"share_on_mastodon":{"url":"https:\/\/pubeurope.com\/@fr\/114746877711771081","error":""},"_links":{"self":[{"href":"https:\/\/www.europesays.com\/fr\/wp-json\/wp\/v2\/posts\/204514","targetHints":{"allow":["GET"]}}],"collection":[{"href":"https:\/\/www.europesays.com\/fr\/wp-json\/wp\/v2\/posts"}],"about":[{"href":"https:\/\/www.europesays.com\/fr\/wp-json\/wp\/v2\/types\/post"}],"author":[{"embeddable":true,"href":"https:\/\/www.europesays.com\/fr\/wp-json\/wp\/v2\/users\/2"}],"replies":[{"embeddable":true,"href":"https:\/\/www.europesays.com\/fr\/wp-json\/wp\/v2\/comments?post=204514"}],"version-history":[{"count":0,"href":"https:\/\/www.europesays.com\/fr\/wp-json\/wp\/v2\/posts\/204514\/revisions"}],"wp:featuredmedia":[{"embeddable":true,"href":"https:\/\/www.europesays.com\/fr\/wp-json\/wp\/v2\/media\/204515"}],"wp:attachment":[{"href":"https:\/\/www.europesays.com\/fr\/wp-json\/wp\/v2\/media?parent=204514"}],"wp:term":[{"taxonomy":"category","embeddable":true,"href":"https:\/\/www.europesays.com\/fr\/wp-json\/wp\/v2\/categories?post=204514"},{"taxonomy":"post_tag","embeddable":true,"href":"https:\/\/www.europesays.com\/fr\/wp-json\/wp\/v2\/tags?post=204514"}],"curies":[{"name":"wp","href":"https:\/\/api.w.org\/{rel}","templated":true}]}}