{"id":20454,"date":"2025-04-12T19:52:08","date_gmt":"2025-04-12T19:52:08","guid":{"rendered":"https:\/\/www.europesays.com\/fr\/20454\/"},"modified":"2025-04-12T19:52:08","modified_gmt":"2025-04-12T19:52:08","slug":"laeticia-hallyday-officialise-avec-son-nouveau-compagnon-frederic-les-images-de-leur-bonheur-a-saint-barth","status":"publish","type":"post","link":"https:\/\/www.europesays.com\/fr\/20454\/","title":{"rendered":"Laeticia Hallyday officialise avec son nouveau compagnon Fr\u00e9d\u00e9ric, les images de leur bonheur \u00e0 Saint-Barth"},"content":{"rendered":"<p>Pr\u00e8s de 8 ans apr\u00e8s la disparition de Johnny Hallyday, <a href=\"https:\/\/www.closermag.fr\/people\/laeticia-hallyday-ses-finances-au-plus-mal-le-tribunal-pointe-des-mensonges-pas-jolis-jolis-3536082\" rel=\"nofollow noopener\" target=\"_blank\"><br \/>\nLaeticia Hallyday<\/a> a retrouv\u00e9 l\u00a0\u00bbamour dans les bras de Fr\u00e9d\u00e9ric<br \/>\nSuant, un restaurateur charentais. Si leur idylle \u00e9tait connue<br \/>\ndepuis plusieurs mois, l&rsquo;ex-mannequin de 47 ans vient<br \/>\nd&rsquo;officialiser leur relation sur les r\u00e9seaux sociaux. \u00c0 l&rsquo;occasion<br \/>\nde son 50e anniversaire c\u00e9l\u00e9br\u00e9 \u00e0 Saint-Barth\u00e9lemy, la m\u00e8re de Jade<br \/>\net Joy a partag\u00e9 des images in\u00e9dites de son nouveau bonheur.<\/p>\n<p>Un anniversaire en famille et entre amis<\/p>\n<p>Pour souffler sa 50\u00e8me bougie, Laeticia Hallyday s&rsquo;est envol\u00e9e<br \/>\nvers l&rsquo;\u00eele de Saint-Barth\u00e9lemy, si ch\u00e8re au c\u0153ur de son d\u00e9funt<br \/>\nmari. Entour\u00e9e de ses filles mais aussi de son p\u00e8re Andr\u00e9 Boudou et<br \/>\nde son fr\u00e8re Gr\u00e9gory, la jolie blonde \u00e9tait accompagn\u00e9e aussi de<br \/>\nses amis les plus proches. Mais surtout, elle \u00e9tait accompagn\u00e9e<br \/>\npour la premi\u00e8re fois de <a href=\"https:\/\/www.closermag.fr\/people\/exclu-laeticia-hallyday-en-couple-qui-est-frederic-son-nouveau-compagnon-3513547\" rel=\"nofollow noopener\" target=\"_blank\"><br \/>\nson nouveau compagnon Fr\u00e9d\u00e9ric Suant<\/a> (on en avait parl\u00e9 en<br \/>\nexclusivit\u00e9 dans les colonnes de Closer). Le couple s&rsquo;est rendu<br \/>\nensemble sur la tombe de Johnny, un passage oblig\u00e9 sur l&rsquo;\u00eele.<\/p>\n<p>Plusieurs clich\u00e9s de l&rsquo;\u00e9v\u00e9nement montrent leur complicit\u00e9<br \/>\n\u00e9vidente. Un proche confie : \u00ab\u00a0Fr\u00e9d\u00e9ric est tr\u00e8s attentionn\u00e9<br \/>\nenvers Laeticia, il est \u00e0 ses petits soins. Il s&rsquo;entend aussi tr\u00e8s<br \/>\nbien avec Jade et Joy, c&rsquo;\u00e9tait important pour Laeticia.\u00a0\u00bb Apr\u00e8s<br \/>\nune p\u00e9riode difficile suite au d\u00e9c\u00e8s de <a href=\"https:\/\/www.closermag.fr\/people\/johnny-hallyday-cet-objet-achete-pour-faire-plaisir-a-sylvie-vartan-pourrait-rapporter-tres-gros-3529233\" rel=\"nofollow noopener\" target=\"_blank\"><br \/>\nJohnny Hallyday<\/a> et des d\u00e9m\u00eal\u00e9s fiscaux, la quadrag\u00e9naire semble<br \/>\nenfin \u00e9panouie et pr\u00eate \u00e0 se tourner vers l&rsquo;avenir.<\/p>\n<blockquote class=\"instagram-media\" style=\"background: #ffffff;border: 0;margin: 1px;width: 100%;padding: 0;max-width: 500px;\" data-instgrm-permalink=\"https:\/\/www.instagram.com\/p\/DIVwk7ExpZT\/\" data-instgrm-version=\"14\"\/><p>\nLaeticia \u00e9mue et reconnaissante<\/p>\n<p>Quelques semaines apr\u00e8s cet anniversaire riche en \u00e9motions,<br \/>\nLaeticia Hallyday a tenu \u00e0 remercier ses proches dans une<br \/>\npublication poignante sur Instagram. Sur une vid\u00e9o retra\u00e7ant les<br \/>\ntemps forts de ce s\u00e9jour \u00e0 Saint-Barth, on la d\u00e9couvre radieuse et<br \/>\napais\u00e9e, main dans la main avec son compagnon.<\/p>\n<p>En l\u00e9gende, elle \u00e9crit : \u00ab\u00a050 ans&#8230; Des doutes, des peurs et<br \/>\ndes rires qui r\u00e9parent, des silences qui parlent, des regards qui<br \/>\nportent et de l&rsquo;amour. Merci \u00e0 mes filles pour cette jolie<br \/>\nsurprise, \u00e0 ma famille, \u00e0 tous mes amis, et \u00e0 vous tous pour vos<br \/>\nmots, vos messages, vos gestes tendres.\u00a0\u00bb<\/p>\n<p>Visiblement tr\u00e8s touch\u00e9e par cet \u00e9lan d&rsquo;affection, elle ajoute :<br \/>\n\u00ab\u00a0J&rsquo;ai l&rsquo;impression d&rsquo;avoir 20 ans dans le c\u0153ur, libre dans<br \/>\nl&rsquo;\u00e2me.\u00a0\u00bb Un joli message d&rsquo;espoir et de renouveau qui ravira<br \/>\nses fans. Apr\u00e8s les temp\u00eates, Laeticia Hallyday semble avoir enfin<br \/>\nretrouv\u00e9 une s\u00e9r\u00e9nit\u00e9 tant esp\u00e9r\u00e9e, aupr\u00e8s d&rsquo;un homme attentionn\u00e9<br \/>\net de ses proches aimants.<\/p>\n<p><script async src=\"\/\/www.instagram.com\/embed.js\"><\/script><\/p>\n","protected":false},"excerpt":{"rendered":"Pr\u00e8s de 8 ans apr\u00e8s la disparition de Johnny Hallyday, Laeticia Hallyday a retrouv\u00e9 l\u00a0\u00bbamour dans les bras&hellip;\n","protected":false},"author":2,"featured_media":20455,"comment_status":"","ping_status":"","sticky":false,"template":"","format":"standard","meta":{"footnotes":""},"categories":[1359],"tags":[548,58,59,1011,27,1304,7648,973],"class_list":{"0":"post-20454","1":"post","2":"type-post","3":"status-publish","4":"format-standard","5":"has-post-thumbnail","7":"category-people","8":"tag-article-simple","9":"tag-divertissement","10":"tag-entertainment","11":"tag-fr","12":"tag-france","13":"tag-johnny-hallyday","14":"tag-laeticia-hallyday","15":"tag-people"},"share_on_mastodon":{"url":"https:\/\/pubeurope.com\/@fr\/114326742195902291","error":""},"_links":{"self":[{"href":"https:\/\/www.europesays.com\/fr\/wp-json\/wp\/v2\/posts\/20454","targetHints":{"allow":["GET"]}}],"collection":[{"href":"https:\/\/www.europesays.com\/fr\/wp-json\/wp\/v2\/posts"}],"about":[{"href":"https:\/\/www.europesays.com\/fr\/wp-json\/wp\/v2\/types\/post"}],"author":[{"embeddable":true,"href":"https:\/\/www.europesays.com\/fr\/wp-json\/wp\/v2\/users\/2"}],"replies":[{"embeddable":true,"href":"https:\/\/www.europesays.com\/fr\/wp-json\/wp\/v2\/comments?post=20454"}],"version-history":[{"count":0,"href":"https:\/\/www.europesays.com\/fr\/wp-json\/wp\/v2\/posts\/20454\/revisions"}],"wp:featuredmedia":[{"embeddable":true,"href":"https:\/\/www.europesays.com\/fr\/wp-json\/wp\/v2\/media\/20455"}],"wp:attachment":[{"href":"https:\/\/www.europesays.com\/fr\/wp-json\/wp\/v2\/media?parent=20454"}],"wp:term":[{"taxonomy":"category","embeddable":true,"href":"https:\/\/www.europesays.com\/fr\/wp-json\/wp\/v2\/categories?post=20454"},{"taxonomy":"post_tag","embeddable":true,"href":"https:\/\/www.europesays.com\/fr\/wp-json\/wp\/v2\/tags?post=20454"}],"curies":[{"name":"wp","href":"https:\/\/api.w.org\/{rel}","templated":true}]}}