{"id":204542,"date":"2025-06-26T00:55:13","date_gmt":"2025-06-26T00:55:13","guid":{"rendered":"https:\/\/www.europesays.com\/fr\/204542\/"},"modified":"2025-06-26T00:55:13","modified_gmt":"2025-06-26T00:55:13","slug":"il-se-rejouit-de-rentrer-a-la-maison-canal-le-licenciement-de-stephane-guy-annule-par-la-cour-dappel","status":"publish","type":"post","link":"https:\/\/www.europesays.com\/fr\/204542\/","title":{"rendered":"\u00ab\u00a0Il se r\u00e9jouit de rentrer \u00e0 la maison Canal\u00a0\u00bb : le licenciement de St\u00e9phane Guy annul\u00e9 par la cour d\u2019appel"},"content":{"rendered":"<p class=\"paragraph text_align_left lp-f-body-02\">Une victoire apr\u00e8s un long combat de 4 ans et demi. Le journaliste St\u00e9phane Guy vient en effet d\u2019obtenir l\u2019annulation de son licenciement de Canal + aupr\u00e8s de la Cour d\u2019appel de Paris. <a href=\"https:\/\/www.leparisien.fr\/culture-loisirs\/tv\/affaire-thoen-stephane-guy-licencie-par-canal-24-12-2020-8415956.php\" target=\"_self\" rel=\"nofollow noopener\">En d\u00e9cembre 2020, il avait \u00e9t\u00e9 licenci\u00e9 de la cha\u00eene crypt\u00e9e<\/a> o\u00f9 il \u00e9tait alors le commentateur phare, pr\u00e9sent \u00e0 l\u2019antenne depuis 23 ans. \u00c0 la mi-temps d\u2019un Montpellier &#8211; PSG (1-3), le journaliste avait adress\u00e9 \u00e0 en direct un message de soutien \u00e0 l\u2019humoriste S\u00e9bastien Thoen, qui venait de se faire virer par Canal + pour avoir particip\u00e9 \u00e0 une parodie de L\u2019Heure des pros, \u00e9mission de CNews. \u00ab Je veux saluer l\u2019ami S\u00e9bastien Thoen qui n\u2019a pas eu la sortie qu\u2019il aurait m\u00e9rit\u00e9e, on lui souhaite bon vent \u00bb, avait-il lanc\u00e9.<\/p>\n<p class=\"paragraph text_align_left lp-f-body-02\">Le 29 ao\u00fbt 2022, le conseil de prud\u2019hommes de Paris <a href=\"https:\/\/www.leparisien.fr\/culture-loisirs\/television-canal-condamnee-pour-licenciement-abusif-de-stephane-guy-13-09-2022-OZUYPWCWCBFQRJ67XR2PIA3CAA.php\" target=\"_self\" rel=\"nofollow noopener\">avait d\u00e9j\u00e0 donn\u00e9 raison \u00e0 St\u00e9phane Gu<\/a>y et avait jug\u00e9 que son licenciement \u00e9tait \u00ab abusif, et qu\u2019il n\u2019avait commis aucune faute \u00bb, pr\u00e9cisait alors son avocat Olivier Khatchikian.<\/p>\n<p class=\"paragraph text_align_left lp-f-body-02\">Apr\u00e8s ce jugement qui annule son licenciement, St\u00e9phane Guy pourrait donc \u00eatre r\u00e9int\u00e9gr\u00e9 \u00e0 la r\u00e9daction Canal +. <\/p>\n<p class=\"paragraph text_align_left lp-f-body-02\">\u00ab La Cour d\u2019appel Paris par son arr\u00eat du 25 juin 2025 a r\u00e9affirm\u00e9 la sacralit\u00e9 du droit \u00e0 la libert\u00e9 d\u2019expression et reconnu que St\u00e9phane Guy n\u2019en avait pas abus\u00e9. En pronon\u00e7ant la nullit\u00e9 du licenciement, la Juridiction a consid\u00e9r\u00e9 que celui-ci n\u2019aurait jamais d\u00fb \u00eatre licenci\u00e9 et a en cons\u00e9quence ordonn\u00e9 sa r\u00e9int\u00e9gration au sein de Canal. Elle a par ailleurs condamn\u00e9 CANAL \u00e0 lui verser un montant total d\u2019un peu plus de 700 000 euros en termes de rappel de salaires notamment. St\u00e9phane Guy est satisfait que justice lui ait \u00e9t\u00e9 rendue et tient \u00e0 saluer toutes les personnes qui ont partag\u00e9 cette grande \u00e9preuve et celles qui lui ont manifest\u00e9 leur soutien. Enfin il se r\u00e9jouit de \u00ab rentrer \u00e0 la maison canal \u00bb \u00e0 la rentr\u00e9e, sans ressentiment et avec la passion intacte de son m\u00e9tier \u00bb, \u00e9crit son avocat Olivier Khatchikian dans un communiqu\u00e9.<\/p>\n","protected":false},"excerpt":{"rendered":"Une victoire apr\u00e8s un long combat de 4 ans et demi. Le journaliste St\u00e9phane Guy vient en effet&hellip;\n","protected":false},"author":2,"featured_media":204543,"comment_status":"","ping_status":"","sticky":false,"template":"","format":"standard","meta":{"footnotes":""},"categories":[9],"tags":[872,63,1011,27,60],"class_list":{"0":"post-204542","1":"post","2":"type-post","3":"status-publish","4":"format-standard","5":"has-post-thumbnail","7":"category-sports","8":"tag-culture-et-loisirs","9":"tag-football","10":"tag-fr","11":"tag-france","12":"tag-sports"},"share_on_mastodon":{"url":"https:\/\/pubeurope.com\/@fr\/114746944611252684","error":""},"_links":{"self":[{"href":"https:\/\/www.europesays.com\/fr\/wp-json\/wp\/v2\/posts\/204542","targetHints":{"allow":["GET"]}}],"collection":[{"href":"https:\/\/www.europesays.com\/fr\/wp-json\/wp\/v2\/posts"}],"about":[{"href":"https:\/\/www.europesays.com\/fr\/wp-json\/wp\/v2\/types\/post"}],"author":[{"embeddable":true,"href":"https:\/\/www.europesays.com\/fr\/wp-json\/wp\/v2\/users\/2"}],"replies":[{"embeddable":true,"href":"https:\/\/www.europesays.com\/fr\/wp-json\/wp\/v2\/comments?post=204542"}],"version-history":[{"count":0,"href":"https:\/\/www.europesays.com\/fr\/wp-json\/wp\/v2\/posts\/204542\/revisions"}],"wp:featuredmedia":[{"embeddable":true,"href":"https:\/\/www.europesays.com\/fr\/wp-json\/wp\/v2\/media\/204543"}],"wp:attachment":[{"href":"https:\/\/www.europesays.com\/fr\/wp-json\/wp\/v2\/media?parent=204542"}],"wp:term":[{"taxonomy":"category","embeddable":true,"href":"https:\/\/www.europesays.com\/fr\/wp-json\/wp\/v2\/categories?post=204542"},{"taxonomy":"post_tag","embeddable":true,"href":"https:\/\/www.europesays.com\/fr\/wp-json\/wp\/v2\/tags?post=204542"}],"curies":[{"name":"wp","href":"https:\/\/api.w.org\/{rel}","templated":true}]}}