{"id":204544,"date":"2025-06-26T00:56:09","date_gmt":"2025-06-26T00:56:09","guid":{"rendered":"https:\/\/www.europesays.com\/fr\/204544\/"},"modified":"2025-06-26T00:56:09","modified_gmt":"2025-06-26T00:56:09","slug":"oui-je-confirme-bruno-guillon-en-rajoute-une-couche-sur-cyril-hanouna","status":"publish","type":"post","link":"https:\/\/www.europesays.com\/fr\/204544\/","title":{"rendered":"\u00ab\u00a0Oui je confirme\u2026\u00a0\u00bb : Bruno Guillon en rajoute une couche sur Cyril Hanouna"},"content":{"rendered":"<p>      R\u00e9sum\u00e9<\/p>\n<p>Bruno Guillon confirme ses critiques envers Cyril Hanouna, assume ses propos malgr\u00e9 un enregistrement vol\u00e9, et reste confiant face \u00e0 l&rsquo;arriv\u00e9e de son rival sur Fun Radio.<\/p>\n<p>        Sommaire<\/p>\n<p><a href=\"https:\/\/www.public.fr\/tag\/bruno-guillon\" rel=\"nofollow noopener\" target=\"_blank\">Bruno Guillon<\/a> et <a href=\"https:\/\/www.public.fr\/tag\/cyril-hanouna\" rel=\"nofollow noopener\" target=\"_blank\">Cyril Hanouna<\/a> vont-ils r\u00e9ussir \u00e0 s\u2019entendre ? Telle est la question que les auditeurs de Fun Radio se posent. En effet, \u00e0 la rentr\u00e9e prochaine, les deux animateurs seront sur la m\u00eame radio et cela n\u2019enchanterait pas vraiment le premier.<\/p>\n<p>\u00c0 plusieurs reprises, Bruno Guillon a fait part de sa r\u00e9ticence de voir d\u00e9barquer \u00ab\u00a0Baba\u00a0\u00bb dans le m\u00eame groupe que lui, comme l\u2019a \u00e9galement fait <a href=\"https:\/\/vsd.fr\/tag\/karine-le-marchand\/\" rel=\"nofollow noopener\" target=\"_blank\">Karine Le Marchand<\/a> lorsque les rumeurs qui annon\u00e7aient Cyril Hanouna dans le groupe M6 commen\u00e7aient \u00e0 \u00e9merger.\u00a0<\/p>\n<p>Bruno Guillon assume ses propos sur Cyril Hanouna<\/p>\n<p>Dans un long entretien accord\u00e9 \u00e0 <a href=\"https:\/\/tvmag.lefigaro.fr\/programme-tv\/actu-tele\/je-ne-conjugue-pas-mon-avenir-avec-le-sien-bruno-guillon-reagit-a-l-arrivee-de-cyril-hanouna-sur-fun-radio-20250625\" rel=\"nofollow noopener\" target=\"_blank\">TV Mag<\/a>, le pr\u00e9sentateur de <strong>\u00ab\u00a0Chacun son tour\u00a0\u00bb<\/strong> sur France 2 est revenu sur ses diff\u00e9rends avec le futur pr\u00e9sentateur de <strong>\u00ab\u00a0Tout beau, tout n9uf\u00a0\u00bb<\/strong> sur W9. Il a \u00e9galement souhait\u00e9 revenir sur l\u2019enregistrement audio d\u00e9voil\u00e9 par notre confr\u00e8re Cl\u00e9ment Garin, dans lequel Bruno Guillon taclait violemment Cyril Hanouna.\u00a0<\/p>\n<p>\u00ab\u00a0Les propos vol\u00e9s\u00a0? Oui, je confirme les avoir tenus, on a reconnu ma voix\u00a0\u00bb reconna\u00eet l\u2019acolyte de Nagui, avant de poursuivre :\u00a0\u00ab\u00a0J\u2019assume ce que je dis, ce que je fais m\u00eame quand ce sont des enregistrements vol\u00e9s utilis\u00e9s \u00e0 mon insu, et qui plus est commercialis\u00e9s. La justice s\u2019est saisie de cette histoire. C\u2019est du vol d\u2019informations, on n\u2019a pas le droit de faire \u00e7a\u00a0\u00bb.<\/p>\n<p>L&rsquo;animateur, pas \u00ab\u00a0effray\u00e9\u00a0\u00bb par l&rsquo;arriv\u00e9e de son rival<\/p>\n<p>Par la suite, nos confr\u00e8res de TV Mag ont interrog\u00e9 Bruno Guillon sur son \u00e9ventuelle collaboration avec \u00ab\u00a0Baba\u00a0\u00bb sur les m\u00eames ondes. \u00ab\u00a0Pour l\u2019instant, il est sur Europe 1, et je suis sur Fun Radio\u00a0\u00bb, rappelle-t-il avant d\u2019assurer que l\u2019arriv\u00e9e de son rival n\u2019influera pas sur son avenir sur Fun Radio : \u00ab\u00a0Je ne conjugue pas mon avenir avec celui de Cyril Hanouna. Je sais qu\u2019il parle beaucoup de moi, moi tr\u00e8s peu de lui&#8230; J\u2019ai l\u2019impression que \u00e7a doit beaucoup plus l\u2019obnubiler que moi. Je m\u2019en fiche un peu, pour dire vrai\u00a0\u00bb.<\/p>\n<p>En ce qui concerne la radio, elle-m\u00eame, l\u2019animateur qui a \u00e9t\u00e9 victime <a href=\"https:\/\/www.public.fr\/bruno-guillon-trois-mois-apres-son-home-jacking-la-video-qui-suscite-de-nombreuses-reactions\" rel=\"nofollow noopener\" target=\"_blank\">d\u2019un violent home-jacking <\/a>n\u2019a pas souhait\u00e9 r\u00e9v\u00e9ler si celle-ci l\u2019avait rassur\u00e9 ou non quant \u00e0 son avenir. \u00ab\u00a0Je n\u2019ai pas besoin d\u2019\u00eatre rassur\u00e9 car j\u2019anime l\u2019\u00e9mission qui cartonne le plus en radio le matin\u00a0\u00bb, assure-t-il dans un premier temps avant de rappeler, avec fiert\u00e9 : \u00ab\u00a0Nos scores n\u2019ont pas \u00e9t\u00e9 atteints depuis des ann\u00e9es. La direction de Fun Radio est ravie, parce qu\u2019elle sait qu\u2019elle a une des matinales qui fonctionnent le mieux sur le march\u00e9\u00a0\u00bb.<\/p>\n<p><strong>\u00ab\u00a0Pour \u00eatre rassur\u00e9 vis-\u00e0-vis de Cyril Hanouna, il faudrait que Cyril Hanouna me fasse peur\u00a0\u00bb<\/strong>, a finalement conclu Bruno Guillon, visiblement pas pr\u00e8s d\u2019enterrer la hache de guerre avec son rival pour le moment.<\/p>\n<p>      Mentionn\u00e9s dans cet article<\/p>\n<p>\u00c0 lire aussi<\/p>\n","protected":false},"excerpt":{"rendered":"R\u00e9sum\u00e9 Bruno Guillon confirme ses critiques envers Cyril Hanouna, assume ses propos malgr\u00e9 un enregistrement vol\u00e9, et reste&hellip;\n","protected":false},"author":2,"featured_media":204545,"comment_status":"","ping_status":"","sticky":false,"template":"","format":"standard","meta":{"footnotes":""},"categories":[8],"tags":[7961,1083,58,59,1011,27,6034,22498,22497,2395],"class_list":{"0":"post-204544","1":"post","2":"type-post","3":"status-publish","4":"format-standard","5":"has-post-thumbnail","7":"category-divertissement","8":"tag-bruno-guillon","9":"tag-cyril-hanouna","10":"tag-divertissement","11":"tag-entertainment","12":"tag-fr","13":"tag-france","14":"tag-fun-radio","15":"tag-tout-9-tbt9","16":"tag-tout-beau","17":"tag-w9"},"share_on_mastodon":{"url":"https:\/\/pubeurope.com\/@fr\/114746948527443965","error":""},"_links":{"self":[{"href":"https:\/\/www.europesays.com\/fr\/wp-json\/wp\/v2\/posts\/204544","targetHints":{"allow":["GET"]}}],"collection":[{"href":"https:\/\/www.europesays.com\/fr\/wp-json\/wp\/v2\/posts"}],"about":[{"href":"https:\/\/www.europesays.com\/fr\/wp-json\/wp\/v2\/types\/post"}],"author":[{"embeddable":true,"href":"https:\/\/www.europesays.com\/fr\/wp-json\/wp\/v2\/users\/2"}],"replies":[{"embeddable":true,"href":"https:\/\/www.europesays.com\/fr\/wp-json\/wp\/v2\/comments?post=204544"}],"version-history":[{"count":0,"href":"https:\/\/www.europesays.com\/fr\/wp-json\/wp\/v2\/posts\/204544\/revisions"}],"wp:featuredmedia":[{"embeddable":true,"href":"https:\/\/www.europesays.com\/fr\/wp-json\/wp\/v2\/media\/204545"}],"wp:attachment":[{"href":"https:\/\/www.europesays.com\/fr\/wp-json\/wp\/v2\/media?parent=204544"}],"wp:term":[{"taxonomy":"category","embeddable":true,"href":"https:\/\/www.europesays.com\/fr\/wp-json\/wp\/v2\/categories?post=204544"},{"taxonomy":"post_tag","embeddable":true,"href":"https:\/\/www.europesays.com\/fr\/wp-json\/wp\/v2\/tags?post=204544"}],"curies":[{"name":"wp","href":"https:\/\/api.w.org\/{rel}","templated":true}]}}