{"id":204556,"date":"2025-06-26T01:02:14","date_gmt":"2025-06-26T01:02:14","guid":{"rendered":"https:\/\/www.europesays.com\/fr\/204556\/"},"modified":"2025-06-26T01:02:14","modified_gmt":"2025-06-26T01:02:14","slug":"des-perturbations-dans-le-centre-ville","status":"publish","type":"post","link":"https:\/\/www.europesays.com\/fr\/204556\/","title":{"rendered":"des perturbations dans le centre-ville"},"content":{"rendered":"<p>Saint-\u00c9tienne M\u00e9tropole m\u00e8ne des travaux de renouvellement et d\u2019extension (de la rue de la Paix \u00e0 la rue Robert-Plotton) du r\u00e9seau de chaleur de la Firminy dans l\u2019hyper centre-ville.<\/p>\n<p>Le chantier a d\u00e9marr\u00e9 rue de la Paix lundi 23\u00a0juin et doit durer un mois et demi. Il concerne plusieurs rues autour de l\u2019H\u00f4tel-de-Ville et de la place du Breuil et doit durer jusqu\u2019au 8\u00a0ao\u00fbt, sous r\u00e9serve de l\u2019avancement et des conditions m\u00e9t\u00e9orologiques. La M\u00e9tropole fait \u00e9tat de la v\u00e9tuste des installations et assure que \u00ab\u00a0ces travaux permettront de r\u00e9aliser l\u2019am\u00e9nagement final de la place du Breuil dans des conditions optimales\u00a0\u00bb.<\/p>\n<p>Ils ont un impact sur la circulation et le stationnement et des places ont d\u00e9j\u00e0 \u00e9t\u00e9 supprim\u00e9es pour la pr\u00e9paration des op\u00e9rations.<\/p>\n<p>  L\u2019impact sur la circulation et le stationnement<\/p>\n<p> \u25b6 \u2002Rue de la paix\u00a0: du 23\u00a0juin au 14\u00a0juillet. L\u2019acc\u00e8s y est limit\u00e9, strictement r\u00e9serv\u00e9 aux pi\u00e9tons, sauf aux v\u00e9hicules d\u2019urgence et par la rue du March\u00e9.<\/p>\n<p> \u25b6 \u2002Place du Breuil et contre all\u00e9e ouest (c\u00f4t\u00e9 mairie et \u00e9glise)\u00a0: du 7 au 15\u00a0juillet pour la phase 1 avec acc\u00e8s et stationnement interdits\u00a0: du 15 au 25\u00a0juillet pour la phase 2 sur la rue Benoit-Frachon. Acc\u00e8s et stationnement limit\u00e9s en dehors des horaires de route barr\u00e9e (de7h30 \u00e0 15\u00a0h\u00a030) de la rue pour le haut de la place du Breuil.<\/p>\n<p> \u25b6 \u2002Rue Benoit-Frachon\u00a0: du 15 au 25\u00a0juillet. Stationnement interdit entre le rond-point de l\u2019h\u00f4pital et l\u2019all\u00e9e ouest du Breuil. Circulation barr\u00e9e de 7\u00a0h\u00a030 \u00e0 15\u00a0h\u00a030, acc\u00e8s possible uniquement pour les urgences et les livraisons.<\/p>\n<p> \u25b6 \u2002Rond-point h\u00f4pital &#8211; rue Robert-Plotton\u00a0: du 28\u00a0juillet au 8\u00a0ao\u00fbt.\u00a0La route est barr\u00e9e dans le sens montant mais maintenue dans le sens descendant.<\/p>\n","protected":false},"excerpt":{"rendered":"Saint-\u00c9tienne M\u00e9tropole m\u00e8ne des travaux de renouvellement et d\u2019extension (de la rue de la Paix \u00e0 la rue&hellip;\n","protected":false},"author":2,"featured_media":204557,"comment_status":"","ping_status":"","sticky":false,"template":"","format":"standard","meta":{"footnotes":""},"categories":[9653],"tags":[1111,11,2430,7539,1777,674,10282,10283,1011,27,12,25,4001,104],"class_list":{"0":"post-204556","1":"post","2":"type-post","3":"status-publish","4":"format-standard","5":"has-post-thumbnail","7":"category-saint-etienne","8":"tag-actu","9":"tag-actualites","10":"tag-auvergne-rhone-alpes","11":"tag-edition-loire-sud","12":"tag-eu","13":"tag-europe","14":"tag-firminy","15":"tag-firminy-ville","16":"tag-fr","17":"tag-france","18":"tag-news","19":"tag-republique-francaise","20":"tag-saint-etienne","21":"tag-societe"},"share_on_mastodon":{"url":"https:\/\/pubeurope.com\/@fr\/114746972141498299","error":""},"_links":{"self":[{"href":"https:\/\/www.europesays.com\/fr\/wp-json\/wp\/v2\/posts\/204556","targetHints":{"allow":["GET"]}}],"collection":[{"href":"https:\/\/www.europesays.com\/fr\/wp-json\/wp\/v2\/posts"}],"about":[{"href":"https:\/\/www.europesays.com\/fr\/wp-json\/wp\/v2\/types\/post"}],"author":[{"embeddable":true,"href":"https:\/\/www.europesays.com\/fr\/wp-json\/wp\/v2\/users\/2"}],"replies":[{"embeddable":true,"href":"https:\/\/www.europesays.com\/fr\/wp-json\/wp\/v2\/comments?post=204556"}],"version-history":[{"count":0,"href":"https:\/\/www.europesays.com\/fr\/wp-json\/wp\/v2\/posts\/204556\/revisions"}],"wp:featuredmedia":[{"embeddable":true,"href":"https:\/\/www.europesays.com\/fr\/wp-json\/wp\/v2\/media\/204557"}],"wp:attachment":[{"href":"https:\/\/www.europesays.com\/fr\/wp-json\/wp\/v2\/media?parent=204556"}],"wp:term":[{"taxonomy":"category","embeddable":true,"href":"https:\/\/www.europesays.com\/fr\/wp-json\/wp\/v2\/categories?post=204556"},{"taxonomy":"post_tag","embeddable":true,"href":"https:\/\/www.europesays.com\/fr\/wp-json\/wp\/v2\/tags?post=204556"}],"curies":[{"name":"wp","href":"https:\/\/api.w.org\/{rel}","templated":true}]}}