{"id":204611,"date":"2025-06-26T01:36:12","date_gmt":"2025-06-26T01:36:12","guid":{"rendered":"https:\/\/www.europesays.com\/fr\/204611\/"},"modified":"2025-06-26T01:36:12","modified_gmt":"2025-06-26T01:36:12","slug":"paris-rafales-a-112-km-h-sur-la-tour-eiffel-des-dizaines-darbres-deracines-un-violent-orage-frappe-la-capitale","status":"publish","type":"post","link":"https:\/\/www.europesays.com\/fr\/204611\/","title":{"rendered":"Paris : rafales \u00e0 112\u00a0km\/h sur la tour Eiffel, des dizaines d\u2019arbres d\u00e9racin\u00e9s&#8230; Un violent orage frappe la capitale"},"content":{"rendered":"<p class=\"paragraph text_align_left lp-f-body-02\">Des chaussettes tremp\u00e9es, des pantalons coll\u00e9s \u00e0 la peau en quelques secondes par les litres d\u2019eau qui viennent de tomber\u2026 Dans les rues de <a href=\"https:\/\/www.leparisien.fr\/paris-75\/\" target=\"_self\" rel=\"noopener\">Paris<\/a>, ils sont nombreux \u00e0 s\u2019\u00eatre fait surprendre par le d\u00e9luge ce mercredi soir. Il \u00e9tait 21 heures quand la capitale s\u2019est transform\u00e9e le temps d\u2019un quart d\u2019heure en un \u00e9pais brouillard. Une pluie intense et un vent violent ont rendu la visibilit\u00e9 impossible au-del\u00e0 de 50m.<\/p>\n<p class=\"paragraph text_align_left lp-f-body-02\">\u00ab Par rapport \u00e0 la violence de la temp\u00eate qui vient de traverser l\u2019ouest parisien, on peut dire que les choses se sont plut\u00f4t bien pass\u00e9es, r\u00e9agit la brigade des Sapeurs-pompiers de Paris peu apr\u00e8s 22 heures. Aucune remont\u00e9e de victimes ni de bless\u00e9es ne nous a \u00e9t\u00e9 faite. Nos \u00e9quipes ont \u00e9t\u00e9 appel\u00e9es pour une quarantaine d\u2019arbres tomb\u00e9es et huit pompages \u00bb, poursuivent les pompiers, selon lesquels Paris \u00ab s\u2019oriente vers un retour \u00e0 la normale \u00bb.<\/p>\n<blockquote class=\"twitter-tweet\">\n<p lang=\"fr\" dir=\"ltr\">Gros d\u00e9g\u00e2ts rue Saint-Charles (XVe) \u00e0 <a href=\"https:\/\/twitter.com\/hashtag\/Paris?src=hash&amp;ref_src=twsrc%5Etfw\" target=\"_blank\" rel=\"noopener\">#Paris<\/a> apr\u00e8s le passage de l\u2019orage ! Des arbres sont tomb\u00e9s, des files \u00e9lectriques pendent dans la rue. Plusieurs v\u00e9hicules ab\u00eem\u00e9s et de grosses frayeurs chez les riverains. <a href=\"https:\/\/twitter.com\/le_Parisien?ref_src=twsrc%5Etfw\" target=\"_blank\" rel=\"noopener\">@le_Parisien<\/a> <a href=\"https:\/\/t.co\/qWSMPz6Q7Z\">pic.twitter.com\/qWSMPz6Q7Z<\/a><\/p>\n<p>\u2014 Paul Abran (@abran_paul) <a href=\"https:\/\/twitter.com\/abran_paul\/status\/1937968175053738351?ref_src=twsrc%5Etfw\" target=\"_blank\" rel=\"noopener\">June 25, 2025<\/a><\/p><\/blockquote>\n<p class=\"paragraph text_align_left lp-f-body-02\">Si les d\u00e9g\u00e2ts sont mineurs, la RATP a annonc\u00e9 la fermeture temporaire de <a href=\"https:\/\/www.leparisien.fr\/info-paris-ile-de-france-oise\/transports\/grand-paris-nous-avons-passe-une-nuit-sur-la-ligne-10-a-bord-du-metro-du-futur-24-06-2025-XKMOGTDBH5CHBD73C3J6ZI42GY.php\" target=\"_self\" rel=\"noopener\">plusieurs stations de m\u00e9tro<\/a>, \u00e0 l\u2019image de Franklin Roosevelt, Victor Hugo, Alma-Marceau, Guy M\u00f4quet et Porte de Versailles, inond\u00e9es. Pour l\u2019heure, la r\u00e9gie de transports n\u2019est pas en mesure de pr\u00e9ciser quand auront lieu les r\u00e9ouvertures. La ligne 14 est quant \u00e0 elle ferm\u00e9e jusqu\u2019\u00e0 la fin du service entre les stations Saint-Lazare et Saint-Denis-Pleyel.<\/p>\n<p class=\"paragraph text_align_left lp-f-body-02\">Le trafic est \u00e9galement interrompu sur le RER D entre Gare de Lyon et Goussainville dans les deux sens de circulation, en raison d\u2019une \u00ab panne d\u2019alimentation \u00e9lectrique pr\u00e8s de Paris Nord \u00bb, indique la SNCF, qui pr\u00e9cise que le trafic devrait reprendre vers minuit.<\/p>\n<blockquote class=\"twitter-tweet\">\n<p lang=\"fr\" dir=\"ltr\">\u26c8\ufe0f\u26a0\ufe0f21h15 : ORAGES<br \/>Conditions dantesques \u00e0 Paris sous le puissant orage avec des pluies diluviennes et des rafales de vent jusqu\u2019\u00e0 90 km\/h jusqu\u2019\u00e0 112 km\/h au sommet de la Tour Eiffel.<a href=\"https:\/\/twitter.com\/hashtag\/paris?src=hash&amp;ref_src=twsrc%5Etfw\" target=\"_blank\" rel=\"noopener\">#paris<\/a> <a href=\"https:\/\/twitter.com\/hashtag\/orages?src=hash&amp;ref_src=twsrc%5Etfw\" target=\"_blank\" rel=\"noopener\">#orages<\/a><\/p>\n<p>\ud83d\udcf2Pour la Seine et Marne, retrouvez un suivi sur l\u2019application mobile Pr\u00e9vi + <a href=\"https:\/\/t.co\/7vLemeL55z\">pic.twitter.com\/7vLemeL55z<\/a><\/p>\n<p>\u2014 M\u00e9t\u00e9o Nord Parisien \ud83c\udf2a\u26a1\ufe0f\ud83c\udf08\u2600\ufe0f (@MeteoNordParis) <a href=\"https:\/\/twitter.com\/MeteoNordParis\/status\/1937953070048285012?ref_src=twsrc%5Etfw\" target=\"_blank\" rel=\"noopener\">June 25, 2025<\/a><\/p><\/blockquote>\n<p class=\"paragraph text_align_left lp-f-body-02\">En quelques secondes, les rues de la capitale se sont vid\u00e9es de ceux qui fl\u00e2naient \u00e0 la recherche d\u2019un peu de fra\u00eecheur. <a href=\"https:\/\/www.leparisien.fr\/paris-75\/paris-meteo-france-renforce-la-vigilance-orange-aux-orages-a-partir-de-19-heures-25-06-2025-ICXTRRNMJFAHHCYUNIJDJMN74Y.php\" target=\"_self\" rel=\"noopener\">Les 35 degr\u00e9s qui frappaient Paris<\/a> sont tout d\u2019un coup devenus un ancien souvenir : le mercure a brutalement chut\u00e9 de 10 \u00b0C. Et des rafales de vent \u00e0 112km\/h ont \u00e9t\u00e9 observ\u00e9es au sommet de la tour Eiffel (VIIe), selon le m\u00e9t\u00e9orologue Guillaume S\u00e9chet.<\/p>\n<p class=\"paragraph text_align_left lp-f-body-02\">Sur une carte, les applications m\u00e9t\u00e9o laissent \u00e0 voir que l\u2019ouest de Paris a \u00e9t\u00e9 plus touch\u00e9 que le reste de la ville. Exemple porte d\u2019Auteuil <a href=\"https:\/\/www.leparisien.fr\/paris-75\/paris-75016\/\" target=\"_self\" rel=\"noopener\">(XVIe)<\/a>, o\u00f9 plusieurs arbres ont \u00e9t\u00e9 couch\u00e9s par le vent, qui a souffl\u00e9 \u00e0 plus de 80 km\/h, et la pluie. \u00ab Des branches se sont envol\u00e9es, des arbres sont tomb\u00e9s sur les voitures. On essaie de remettre tout en ordre \u00bb, confie, paniqu\u00e9, un restaurateur du Murat, situ\u00e9 \u00e0 proximit\u00e9.<\/p>\n<p class=\"paragraph text_align_left lp-f-body-02\">\u00ab J\u2019ai vu un parasol s\u2019envoler, puis un \u00e9norme rideau de pluie et du vent comme dans une temp\u00eate tropicale lors d\u2019un ouragan, raconte Sophie, une passante qui s\u2019est r\u00e9fugi\u00e9e sur la terrasse du m\u00eame restaurant pour s\u2019abriter. Les personnes en terrasse se sont r\u00e9fugi\u00e9es \u00e0 l\u2019int\u00e9rieur, car le auvent a commenc\u00e9 \u00e0 se balancer. C\u2019est l\u00e0 que j\u2019ai vu un arbre tomber, puis un autre. On entendait des craquement d\u2019arbre tout au long de la route \u00bb, poursuit cette t\u00e9moin.<\/p>\n<p><img decoding=\"async\" class=\"image \" loading=\"lazy\" src=\"https:\/\/www.europesays.com\/fr\/wp-content\/uploads\/2025\/06\/EOFCZZ724BANFFM54WTMPYGMBY.jpeg\" alt=\"Paris (XVe), ce mercredi soir. A quelques centaines de m\u00e8tres de la tour Eiffel, plusieurs touristes se sont r\u00e9fugi\u00e9s sous la terrasse d'un bar. LP\/CB\" align=\"\" data-rubrique-principale=\"\" data-article-type=\"\" fetchpriority=\"auto\"\/>Paris (XVe), ce mercredi soir. A quelques centaines de m\u00e8tres de la tour Eiffel, plusieurs touristes se sont r\u00e9fugi\u00e9s sous la terrasse d&rsquo;un bar. LP\/CB<\/p>\n<p class=\"paragraph text_align_left lp-f-body-02\">\u00c0 quelques stations de m\u00e9tro de l\u00e0, le quartier de Beaugrenelle a \u00e9t\u00e9 lui aussi particuli\u00e8rement touch\u00e9. Ce groupe de touristes venu profiter de Paris en ce d\u00e9but d\u2019\u00e9t\u00e9 peut en t\u00e9moigner, r\u00e9fugi\u00e9 en quatri\u00e8me vitesse sous l\u2019auvent d\u2019une terrasse du XVe arrondissement. Pas de quoi d\u00e9courager les plus t\u00e9m\u00e9raires, qui ont profit\u00e9 de la fra\u00eecheur retrouv\u00e9e pour se r\u00e9installer en ext\u00e9rieur sit\u00f4t l\u2019orage pass\u00e9.<\/p>\n<p><script async src=\"https:\/\/platform.twitter.com\/widgets.js\" charset=\"utf-8\"><\/script><\/p>\n","protected":false},"excerpt":{"rendered":"Des chaussettes tremp\u00e9es, des pantalons coll\u00e9s \u00e0 la peau en quelques secondes par les litres d\u2019eau qui viennent&hellip;\n","protected":false},"author":2,"featured_media":204612,"comment_status":"","ping_status":"","sticky":false,"template":"","format":"standard","meta":{"footnotes":""},"categories":[1888],"tags":[1111,1928,11,1927,1777,674,1011,27,1944,12,1926,626,1925,25,2955],"class_list":{"0":"post-204611","1":"post","2":"type-post","3":"status-publish","4":"format-standard","5":"has-post-thumbnail","7":"category-paris","8":"tag-actu","9":"tag-actu-paris","10":"tag-actualites","11":"tag-actualites-paris","12":"tag-eu","13":"tag-europe","14":"tag-fr","15":"tag-france","16":"tag-ma-ville","17":"tag-news","18":"tag-news-paris","19":"tag-paris","20":"tag-paris-news","21":"tag-republique-francaise","22":"tag-videos"},"share_on_mastodon":{"url":"https:\/\/pubeurope.com\/@fr\/114747105923889825","error":""},"_links":{"self":[{"href":"https:\/\/www.europesays.com\/fr\/wp-json\/wp\/v2\/posts\/204611","targetHints":{"allow":["GET"]}}],"collection":[{"href":"https:\/\/www.europesays.com\/fr\/wp-json\/wp\/v2\/posts"}],"about":[{"href":"https:\/\/www.europesays.com\/fr\/wp-json\/wp\/v2\/types\/post"}],"author":[{"embeddable":true,"href":"https:\/\/www.europesays.com\/fr\/wp-json\/wp\/v2\/users\/2"}],"replies":[{"embeddable":true,"href":"https:\/\/www.europesays.com\/fr\/wp-json\/wp\/v2\/comments?post=204611"}],"version-history":[{"count":0,"href":"https:\/\/www.europesays.com\/fr\/wp-json\/wp\/v2\/posts\/204611\/revisions"}],"wp:featuredmedia":[{"embeddable":true,"href":"https:\/\/www.europesays.com\/fr\/wp-json\/wp\/v2\/media\/204612"}],"wp:attachment":[{"href":"https:\/\/www.europesays.com\/fr\/wp-json\/wp\/v2\/media?parent=204611"}],"wp:term":[{"taxonomy":"category","embeddable":true,"href":"https:\/\/www.europesays.com\/fr\/wp-json\/wp\/v2\/categories?post=204611"},{"taxonomy":"post_tag","embeddable":true,"href":"https:\/\/www.europesays.com\/fr\/wp-json\/wp\/v2\/tags?post=204611"}],"curies":[{"name":"wp","href":"https:\/\/api.w.org\/{rel}","templated":true}]}}