{"id":20462,"date":"2025-04-12T19:56:08","date_gmt":"2025-04-12T19:56:08","guid":{"rendered":"https:\/\/www.europesays.com\/fr\/20462\/"},"modified":"2025-04-12T19:56:08","modified_gmt":"2025-04-12T19:56:08","slug":"kendji-devoile-son-nouveau-corps-muscle-recouvert-de-nombreuses-taches-mais-que-lui-est-il-arrive","status":"publish","type":"post","link":"https:\/\/www.europesays.com\/fr\/20462\/","title":{"rendered":"Kendji d\u00e9voile son nouveau corps muscl\u00e9 recouvert de nombreuses \u00ab\u00a0t\u00e2ches\u00a0\u00bb : mais que lui est-il arriv\u00e9 ?"},"content":{"rendered":"<p>Un an apr\u00e8s avoir fr\u00f4l\u00e9 la mort, Kendji Girac semble plus rayonnant que jamais. C\u2019est sur Instagram que le chanteur r\u00e9v\u00e9l\u00e9 dans The Voice a <strong>surpris ses fans<\/strong> en d\u00e9voilant son nouveau corps, bien plus muscl\u00e9\u2026 mais aussi couvert de myst\u00e9rieuses traces ! Son corps, il en est fier. En effet, le chanteur avait expliqu\u00e9 <strong>avoir eu de lourds soucis<\/strong> avec son poids, mais aujourd\u2019hui, il semble avoir trouv\u00e9 le bon \u00e9quilibre. Et cette transformation ne date pas d\u2019hier.<\/p>\n<p>Depuis son grave accident en avril 2024, o\u00f9 il s\u2019est <strong>bless\u00e9 par balle au thorax,<\/strong> Kendji a op\u00e9r\u00e9 un vrai tournant dans sa vie. \u00c0 l\u2019\u00e9poque, les circonstances de l\u2019incident \u00e9taient rest\u00e9es floues, jusqu\u2019\u00e0 ce que le chanteur brise le silence \u00e0 l\u2019occasion de la sortie de son single Si seulement. Dans une vid\u00e9o publi\u00e9e sur Instagram, il confiait : <strong>\u00ab\u00a0Je regrette vraiment <\/strong>tout ce qu\u2019il s\u2019est pass\u00e9. J\u2019avais pris de mauvaises habitudes, je suis rentr\u00e9 dans une spirale que je ne souhaite \u00e0 personne.\u00a0\u00bb Il ajoutait alors qu\u2019il allait \u00ab\u00a0mieux\u00a0\u00bb et qu\u2019il avait d\u00e9cid\u00e9 de <strong>se reprendre en main.<\/strong><\/p>\n<p>\u00ab\u00a0Quelque chose a chang\u00e9 en moi\u00a0\u00bb : Kendji se confie sur son \u00ab\u00a0nouveau lui\u00a0\u00bb<\/p>\n<p>De son c\u00f4t\u00e9, sa compagne Soraya avait tenu \u00e0 clarifier les choses dans Le Parisien, d\u00e9mentant les rumeurs de chantage au suicide \u00e9voqu\u00e9es apr\u00e8s l\u2019accident : <strong>\u00ab\u00a0Je ne suis pas une victime\u00a0\u00bb, <\/strong>avait-elle affirm\u00e9. Une mani\u00e8re de balayer les sp\u00e9culations.<\/p>\n<p>Et aujourd\u2019hui, <a href=\"https:\/\/www.public.fr\/comment-kendji-girac-a-echappe-a-la-prison-si-cetait-le-papy-du-coin-il-aurait-eu-de-gros-soucis\" target=\"_blank\" rel=\"noopener\">celui dont le retour sur sc\u00e8ne n\u2019a pas fait l\u2019unanimit\u00e9 va mieux,<\/a> beaucoup mieux m\u00eame. \u00c0 l\u2019approche de la diffusion de Rendez-vous en terre inconnue, il s\u2019est confi\u00e9 \u00e0 T\u00e9l\u00e9-Loisirs : \u00ab\u00a0Je suis tr\u00e8s heureux et j&rsquo;ai retrouv\u00e9 l\u2019inspiration. Je me suis habitu\u00e9 \u00e0 prendre soin de moi et \u00e0 manger plus sainement. Quelque chose a chang\u00e9 en moi. Depuis ce qu&rsquo;il s&rsquo;est pass\u00e9, <strong>j\u2019ai l&rsquo;impression de m&rsquo;\u00eatre r\u00e9veill\u00e9.<\/strong> Je me sens apais\u00e9 et je d\u00e9borde d\u2019\u00e9nergie.\u00a0\u00bb<\/p>\n<p>Le chanteur \u00ab\u00a0compl\u00e8tement bloqu\u00e9\u00a0\u00bb : les images qui interrogent ses fans<\/p>\n<p>Une \u00e9nergie qu\u2019il met au service de son art, notamment avec sa chanson\u00a0Si seulement, qui <strong>\u00e9voque ses douleurs pass\u00e9es : <\/strong>\u00ab\u00a0Elle me procure une \u00e9motion qui me remet dans un certain \u00e9tat d&rsquo;esprit. J&rsquo;avais besoin de chanter cette histoire et de porter le message <strong>qu&rsquo;on ne doit pas oublier ce qu&rsquo;on a v\u00e9cu,<\/strong> le bon comme le mauvais, pour avancer.\u00a0\u00bb Mais alors, qu\u2019est-il arriv\u00e9 au chanteur pour que son corps soit couvert de bleus ?<\/p>\n<p>En story, torse nu, souriant, mais visiblement marqu\u00e9 par de larges bleus sur le dos et les \u00e9paules, Kendji a suscit\u00e9 de nombreuses interrogations. Pas d\u2019inqui\u00e9tude : il s\u2019agit simplement d\u2019une s\u00e9ance de ventouses, une m\u00e9thode naturelle souvent utilis\u00e9e <strong>pour soulager les douleurs musculaires. <\/strong>Dans ses stories, l\u2019artiste explique d\u2019ailleurs avec humour que son cou est \u00ab\u00a0compl\u00e8tement bloqu\u00e9\u00a0\u00bb\u00a0et <strong>qu\u2019il souffre beaucoup. <\/strong>Visiblement, Kendji a d\u00e9cid\u00e9 de prendre soin de lui \u2013 \u00e0 tous les niveaux.<\/p>\n<p><img loading=\"lazy\" decoding=\"async\" width=\"616\" height=\"1024\" src=\"https:\/\/www.europesays.com\/fr\/wp-content\/uploads\/2025\/04\/Kendji-devoile-son-nouveau-corps-muscle-recouvert-de-nombreuses-22taches22-mais-que-lui-est-il-arriv.jpeg\" alt=\"Kendji d\u00e9voile son nouveau corps muscl\u00e9 recouvert de nombreuses &quot;t\u00e2ches&quot; : mais que lui est-il arriv\u00e9 ?\"  \/><\/p>\n<p>Capture Instagram \/ @Kendji<\/p>\n<p>Kendji Girac fait son grand retour !<\/p>\n<p>Mais ce n\u2019est pas tout. Le 29 avril prochain, les t\u00e9l\u00e9spectateurs de France 2 pourront retrouver Kendji Girac <a href=\"https:\/\/www.public.fr\/diaporamas\/rendez-vous-en-terre-inconnue-du-nouveau-sur-lepisode-exceptionnel-avec-kendji-girac\" target=\"_blank\" rel=\"noopener\">dans un \u00e9pisode in\u00e9dit et tr\u00e8s attendu<\/a> de Rendez-vous en terre inconnue, \u00e0 <strong>l\u2019occasion des 20 ans de l\u2019\u00e9mission.<\/strong> Pour ce num\u00e9ro sp\u00e9cial, c\u2019est Fr\u00e9d\u00e9ric Lopez en personne qui l\u2019a accompagn\u00e9 jusqu\u2019au Kenya, \u00e0 la rencontre du peuple Turkana, sur les rives du plus grand lac sal\u00e9 d\u2019Afrique.<\/p>\n<p>Un voyage fort en \u00e9motions pour le chanteur, qui avait annonc\u00e9 l\u2019aventure \u00e0 ses fans l\u2019an dernier :<br \/>\u00ab\u00a0Les amis, <strong>je suis stress\u00e9 !<\/strong> C\u2019est la premi\u00e8re fois de ma vie que je pars seul loin de ma famille, de mes amis, sans savoir o\u00f9 je vais. Mais trop excit\u00e9 \u00e0 l\u2019id\u00e9e d\u2019aller d\u00e9couvrir UN MONDE que je ne connais pas.\u00a0\u00bb Ce tournage avait eu lieu quelques semaines seulement <strong>avant son accident.<\/strong> Pas de doute, cette ann\u00e9e est celle du changement pour Kendji ! <\/p>\n<p>      Mentionn\u00e9s dans cet article<\/p>\n<p>\u00c0 lire aussi<\/p>\n","protected":false},"excerpt":{"rendered":"Un an apr\u00e8s avoir fr\u00f4l\u00e9 la mort, Kendji Girac semble plus rayonnant que jamais. C\u2019est sur Instagram que&hellip;\n","protected":false},"author":2,"featured_media":20463,"comment_status":"","ping_status":"","sticky":false,"template":"","format":"standard","meta":{"footnotes":""},"categories":[1355],"tags":[58,59,1011,27,7780,1361,873],"class_list":{"0":"post-20462","1":"post","2":"type-post","3":"status-publish","4":"format-standard","5":"has-post-thumbnail","7":"category-musique","8":"tag-divertissement","9":"tag-entertainment","10":"tag-fr","11":"tag-france","12":"tag-kendji-girac","13":"tag-music","14":"tag-musique"},"share_on_mastodon":{"url":"https:\/\/pubeurope.com\/@fr\/114326757993837672","error":""},"_links":{"self":[{"href":"https:\/\/www.europesays.com\/fr\/wp-json\/wp\/v2\/posts\/20462","targetHints":{"allow":["GET"]}}],"collection":[{"href":"https:\/\/www.europesays.com\/fr\/wp-json\/wp\/v2\/posts"}],"about":[{"href":"https:\/\/www.europesays.com\/fr\/wp-json\/wp\/v2\/types\/post"}],"author":[{"embeddable":true,"href":"https:\/\/www.europesays.com\/fr\/wp-json\/wp\/v2\/users\/2"}],"replies":[{"embeddable":true,"href":"https:\/\/www.europesays.com\/fr\/wp-json\/wp\/v2\/comments?post=20462"}],"version-history":[{"count":0,"href":"https:\/\/www.europesays.com\/fr\/wp-json\/wp\/v2\/posts\/20462\/revisions"}],"wp:featuredmedia":[{"embeddable":true,"href":"https:\/\/www.europesays.com\/fr\/wp-json\/wp\/v2\/media\/20463"}],"wp:attachment":[{"href":"https:\/\/www.europesays.com\/fr\/wp-json\/wp\/v2\/media?parent=20462"}],"wp:term":[{"taxonomy":"category","embeddable":true,"href":"https:\/\/www.europesays.com\/fr\/wp-json\/wp\/v2\/categories?post=20462"},{"taxonomy":"post_tag","embeddable":true,"href":"https:\/\/www.europesays.com\/fr\/wp-json\/wp\/v2\/tags?post=20462"}],"curies":[{"name":"wp","href":"https:\/\/api.w.org\/{rel}","templated":true}]}}