{"id":204625,"date":"2025-06-26T01:43:11","date_gmt":"2025-06-26T01:43:11","guid":{"rendered":"https:\/\/www.europesays.com\/fr\/204625\/"},"modified":"2025-06-26T01:43:11","modified_gmt":"2025-06-26T01:43:11","slug":"la-france-balayee-par-lallemagne-en-demi-finale-de-leuro-espoirs","status":"publish","type":"post","link":"https:\/\/www.europesays.com\/fr\/204625\/","title":{"rendered":"la France balay\u00e9e par l\u2019Allemagne en demi-finale de l\u2019Euro Espoirs"},"content":{"rendered":"<p>                           <img loading=\"lazy\" decoding=\"async\" src=\"https:\/\/www.europesays.com\/fr\/wp-content\/uploads\/2025\/06\/58fe563_ftp-import-images-1-4l8e74m4g8df-84b9f9663db049368c249cdecdc7219d-0-fe341b3f14804f7cbe80a575.jpeg\" alt=\"Le joueur fran\u00e7ais Quentin Merlin (maillot bleu) tente de contrer l\u2019Allemand Ansgar Knauff, en demi-finale de l\u2019Euro Espoirs, \u00e0 Kosice (Slovaquie), le 25\u00a0juin 2025.\"  width=\"664\" height=\"443\"\/>    Le joueur fran\u00e7ais Quentin Merlin (maillot bleu) tente de contrer l\u2019Allemand Ansgar Knauff, en demi-finale de l\u2019Euro Espoirs, \u00e0 Kosice (Slovaquie), le 25\u00a0juin 2025.  VERONIKA MIHALIKOVA\/TASR VIA AP                  <\/p>\n<p class=\"article__paragraph  \">Par d\u00e9finition, les miracles ne se reproduisent pas \u00e0 l\u2019infini. D\u00e9j\u00e0 revenue de tr\u00e8s loin au premier tour puis en quart de finale, l\u2019\u00e9quipe de France Espoirs n\u2019a cette fois rien pu faire pour inverser le cours de l\u2019histoire, et elle s\u2019est logiquement inclin\u00e9e, mercredi 25\u00a0juin, en demi-finale de l\u2019Euro, \u00e0 Kosice (Slovaquie) face \u00e0 l\u2019Allemagne (3-0).<\/p>\n<p class=\"article__paragraph  \">La marche \u00e9tait d\u00e9j\u00e0 haute face \u00e0 la Mannschaft espoir, favorite de la comp\u00e9tition. Les joueurs de G\u00e9rald Baticle se la sont rendue impossible \u00e0 franchir \u00e0 cause de deux erreurs d\u00e9fensives pr\u00e9coces qu\u2019ils n\u2019ont, cette fois-ci, pas rattrap\u00e9es. Pas de sc\u00e9nario comme face \u00e0 la G\u00e9orgie en phase de poule, o\u00f9 ils avaient \u00e9vit\u00e9 une \u00e9limination pr\u00e9coce dans le temps additionnel, ni comme face au Danemark en quart quand les Bleuets s\u2019\u00e9taient qualifi\u00e9s pour la demi-finale en renversant les Scandinaves pourtant devant au score jusqu\u2019\u00e0 la 84e minute.<\/p>\n<p>                                Lire aussi |  <a href=\"https:\/\/www.lemonde.fr\/sport\/article\/2025\/06\/25\/les-bleuets-a-l-assaut-de-l-allemagne-pour-une-place-en-finale-de-l-euro-espoirs-de-football_6615896_3242.html\" class=\"js-article-read-also catcher--favoris__link\" data-premium=\"\" id=\"article-title-3428581\" rel=\"nofollow noopener\" target=\"_blank\">Les Bleuets \u00e0 l\u2019assaut de l\u2019Allemagne pour une place en finale de l\u2019Euro Espoirs de football<\/a>    <\/p>\n<p>   Lire plus tard  <\/p>\n<p class=\"article__paragraph  \">Au contraire, profitant de ses deux buts d\u2019avance, c\u2019est l\u2019Allemagne qui, dans les toutes derni\u00e8res minutes, a port\u00e9 l\u2019estocade en inscrivant un troisi\u00e8me but par Brajan Gruda apr\u00e8s l\u2019aide de l\u2019arbitrage vid\u00e9o (3-0, 90 + 3). Le sort de la partie \u00e9tait d\u00e9j\u00e0 scell\u00e9 depuis longtemps.<\/p>\n<p>             Un gardien allemand imp\u00e9rial             <\/p>\n<p class=\"article__paragraph  \">D\u00e8s la 8e minute, \u00e0 la suite d\u2019une mauvaise relance de Soungoutou Magassa, titularis\u00e9 \u00e0 la place du capitaine habituel allemand, Chrislain Matsima, Paul Nebel s\u2019est appuy\u00e9 en une deux sur le g\u00e9ant Nick Woltemade et frapp\u00e9 de pr\u00e8s, mais Guillaume Restes est parvenu \u00e0 d\u00e9vier sur sa barre. Le portier fran\u00e7ais n\u2019a rien pu faire quand Nelson Weiper, \u00e0 l\u2019aff\u00fbt, a repris de vol\u00e9e la balle qu\u2019il a gliss\u00e9e dans le but vide (1-0).<\/p>\n<p class=\"article__paragraph  \">Quelques minutes plus tard, Woltemade, meilleur buteur de la comp\u00e9tition, a vol\u00e9 un ballon dans les pieds de Magassa \u00e0 l\u2019entr\u00e9e de la surface et inscrit, en deux temps, son sixi\u00e8me but du tournoi (2-0, 14e).<\/p>\n<p class=\"article__paragraph  \">L\u2019orage pass\u00e9, les Fran\u00e7ais, emmen\u00e9s par le Rennais Djaoui Ciss\u00e9, v\u00e9ritable r\u00e9v\u00e9lation de cet Euro, et leur capitaine d\u2019un soir, Quentin Merlin, se sont ru\u00e9s \u00e0 l\u2019assaut du but de Noah Atubolu, le gardien allemand, se procurant deux occasions franches, sur un tir pas assez appuy\u00e9 de Wilson Odobert (19e) et sur un centre de Kiliann Sildillia que Matthis Abline n\u2019a pu qu\u2019effleurer de la t\u00eate (37e). A la mi-temps, l\u2019avant-centre de Nantes a laiss\u00e9 sa place \u00e0 Thierno Barry qui s\u2019est imm\u00e9diatement illustr\u00e9 en reprenant aux six m\u00e8tres un centre de Merlin, butant toutefois sur Atubolu vigilant (46e).<\/p>\n<p>                                Lire aussi |  Article r\u00e9serv\u00e9 \u00e0 nos abonn\u00e9s  <a href=\"https:\/\/www.lemonde.fr\/sport\/article\/2025\/06\/20\/philippe-diallo-ce-nouveau-patron-du-football-francais-que-personne-n-avait-vu-venir_6614738_3242.html\" class=\"js-article-read-also catcher--favoris__link\" data-premium=\"1\" id=\"article-title-3427346\" rel=\"nofollow noopener\" target=\"_blank\">Philippe Diallo, ce nouveau patron du football fran\u00e7ais que personne n\u2019avait vu venir<\/a>    <\/p>\n<p>   Lire plus tard  <\/p>\n<p class=\"article__paragraph  \">Le gardien allemand a sorti un v\u00e9ritable exploit sur sa ligne lorsqu\u2019il a repouss\u00e9 une t\u00eate du m\u00eame Barry sur sa ligne apr\u00e8s un centre de Loum Tchaouna (68e), puis il a \u00e9t\u00e9 sauv\u00e9 par son poteau en toute fin de rencontre sur une t\u00eate du remuant Barry, encore lui.<\/p>\n<p>             Un parcours encourageant             <\/p>\n<p class=\"article__paragraph  \">Devant au score, s\u00fbre de sa force, la jeune Mannschaft a en r\u00e9alit\u00e9 laiss\u00e9 le ballon aux Fran\u00e7ais, d\u00e9fendant tr\u00e8s bas et proc\u00e9dant en contres, sans son efficacit\u00e9 du premier quart d\u2019heure, sans jamais non plus \u00eatre v\u00e9ritablement en danger. En finale, elle d\u00e9fiera l\u2019Angleterre, tenante du titre, qu\u2019elle avait battue 2-1 lors du dernier match de la phase de groupe, alors que les deux \u00e9quipes \u00e9taient d\u00e9j\u00e0 qualifi\u00e9es. Un match au sommet entre les deux favoris de la comp\u00e9tition.<\/p>\n<p> Newsletter  <\/p>\n<p> <a href=\"https:\/\/www.lemonde.fr\/newsletters\/sport\/\" class=\"inread__link js-services-inread-link\" target=\"_blank\" rel=\"nofollow noopener\">  <\/p>\n<p>\u00ab Sport \u00bb<\/p>\n<p>Enqu\u00eates, reportages, analyses : l&rsquo;actualit\u00e9 du sport dans votre bo\u00eete e-mail chaque samedi<\/p>\n<p>S&rsquo;inscrire<\/p>\n<p> <\/a>         <\/p>\n<p class=\"article__paragraph  \">La France, qui signe tout de m\u00eame son meilleur r\u00e9sultat dans un Euro Espoirs depuis 2019, pourra regretter sa pr\u00e9paration tronqu\u00e9e durant laquelle G\u00e9rald Baticle et son staff, priv\u00e9s d\u2019une dizaine de joueurs, ont d\u00fb reb\u00e2tir un groupe \u00e0 la h\u00e2te et red\u00e9finir un plan de jeu en fonction des nouveaux joueurs ayant rejoint l\u2019\u00e9quipe tardivement.<\/p>\n<p class=\"article__paragraph  \">Cela aura permis l\u2019\u00e9closion de Ciss\u00e9, promis \u00e0 un avenir radieux, la confirmation de Castello Lukeba, d\u00e9j\u00e0 une s\u00e9lection avec les \u00ab\u00a0A\u00a0\u00bb et patron de la d\u00e9fense des Bleuets. Cela aura \u00e9t\u00e9 trop juste pour se hisser jusqu\u2019en finale.<\/p>\n<p>                                Lire aussi |  Article r\u00e9serv\u00e9 \u00e0 nos abonn\u00e9s  <a href=\"https:\/\/www.lemonde.fr\/culture\/article\/2025\/06\/20\/maintenant-ou-jamais-fc-montfermeil-sur-max-une-saison-avec-les-footballeurs-de-moins-de-17-ans-qui-revent-de-passer-pro_6614840_3246.html\" class=\"js-article-read-also catcher--favoris__link\" data-premium=\"1\" id=\"article-title-3427329\" rel=\"nofollow noopener\" target=\"_blank\">\u00ab\u00a0Maintenant ou jamais\u00a0: FC\u00a0Montfermeil\u00a0\u00bb, sur Max\u00a0: une saison avec les footballeurs de moins de 17\u00a0ans qui r\u00eavent de passer \u00ab\u00a0pro\u00a0\u00bb<\/a>    <\/p>\n<p>   Lire plus tard  <\/p>\n<p class=\"author__detail\">  Le Monde avec AFP  <\/p>\n<p>                  <a href=\"https:\/\/www.lemonde.fr\/syndication\/\" class=\"reuse__content\" title=\"R\u00e9utiliser ce contenu\" target=\"_blank\" rel=\"nofollow noopener\">R\u00e9utiliser ce contenu<\/a>      <\/p>\n","protected":false},"excerpt":{"rendered":"Le joueur fran\u00e7ais Quentin Merlin (maillot bleu) tente de contrer l\u2019Allemand Ansgar Knauff, en demi-finale de l\u2019Euro Espoirs,&hellip;\n","protected":false},"author":2,"featured_media":204626,"comment_status":"","ping_status":"","sticky":false,"template":"","format":"standard","meta":{"footnotes":""},"categories":[1587],"tags":[11,672,1804,1805,1803,1777,674,1801,12,1802],"class_list":{"0":"post-204625","1":"post","2":"type-post","3":"status-publish","4":"format-standard","5":"has-post-thumbnail","7":"category-allemagne","8":"tag-actualites","9":"tag-allemagne","10":"tag-bundesrepublik-deutschland","11":"tag-de","12":"tag-deutschland","13":"tag-eu","14":"tag-europe","15":"tag-germany","16":"tag-news","17":"tag-republique-federale-dallemagne"},"share_on_mastodon":{"url":"https:\/\/pubeurope.com\/@fr\/114747133728402632","error":""},"_links":{"self":[{"href":"https:\/\/www.europesays.com\/fr\/wp-json\/wp\/v2\/posts\/204625","targetHints":{"allow":["GET"]}}],"collection":[{"href":"https:\/\/www.europesays.com\/fr\/wp-json\/wp\/v2\/posts"}],"about":[{"href":"https:\/\/www.europesays.com\/fr\/wp-json\/wp\/v2\/types\/post"}],"author":[{"embeddable":true,"href":"https:\/\/www.europesays.com\/fr\/wp-json\/wp\/v2\/users\/2"}],"replies":[{"embeddable":true,"href":"https:\/\/www.europesays.com\/fr\/wp-json\/wp\/v2\/comments?post=204625"}],"version-history":[{"count":0,"href":"https:\/\/www.europesays.com\/fr\/wp-json\/wp\/v2\/posts\/204625\/revisions"}],"wp:featuredmedia":[{"embeddable":true,"href":"https:\/\/www.europesays.com\/fr\/wp-json\/wp\/v2\/media\/204626"}],"wp:attachment":[{"href":"https:\/\/www.europesays.com\/fr\/wp-json\/wp\/v2\/media?parent=204625"}],"wp:term":[{"taxonomy":"category","embeddable":true,"href":"https:\/\/www.europesays.com\/fr\/wp-json\/wp\/v2\/categories?post=204625"},{"taxonomy":"post_tag","embeddable":true,"href":"https:\/\/www.europesays.com\/fr\/wp-json\/wp\/v2\/tags?post=204625"}],"curies":[{"name":"wp","href":"https:\/\/api.w.org\/{rel}","templated":true}]}}