{"id":204638,"date":"2025-06-26T01:52:09","date_gmt":"2025-06-26T01:52:09","guid":{"rendered":"https:\/\/www.europesays.com\/fr\/204638\/"},"modified":"2025-06-26T01:52:09","modified_gmt":"2025-06-26T01:52:09","slug":"pronostic-alex-michelsen-roberto-bautista-agut-atp-majorque","status":"publish","type":"post","link":"https:\/\/www.europesays.com\/fr\/204638\/","title":{"rendered":"Pronostic Alex Michelsen Roberto Bautista-Agut &#8211; ATP Majorque"},"content":{"rendered":"<p class=\"text-xs leading-5 text-gray-400 mb-2\">\n                        Publi\u00e9 le 25\/06\/2025 15:37<br \/>\n                        \u00a0par<br \/>\n                                                            <a href=\"https:\/\/www.sportytrader.com\/auteur\/leo-measson-54\/\" target=\"_blank\" rel=\"noopener\">L\u00e9o Measson<\/a><\/p>\n<p>                                                    |<br \/>\n                            Modifi\u00e9 le<br \/>\n                                25\/06\/2025<br \/>\n                                \u00e0 15:49<\/p>\n<p>                                                                                                            dans<br \/>\n                                <a data-trans=\"tips.published.sport %sport%\" href=\"https:\/\/www.sportytrader.com\/pronostics\/tennis\/\" target=\"_blank\" rel=\"noopener\"><br \/>\n                                    Pronostics Tennis<br \/>\n                                <\/a><\/p>\n<p>Nous connaitrons bient\u00f4t le nom de celui qui succ\u00e8dera \u00e0 Alejandro Tabilo dans ce tournoi sur gazon de Majorque ! Avant cela, les quarts de finale doivent se jouer et dans l&rsquo;un d&rsquo;entre eux, nous aurons droit \u00e0 un duel entre l&rsquo;am\u00e9ricain\u00a0Alex Michelsen et le local espagnol\u00a0Roberto Bautista-Agut.<\/p>\n<p>Alex Michelsen est la t\u00eate de s\u00e9rie num\u00e9ro 3 de ce tournoi et n&rsquo;a donc jou\u00e9 que le tour pr\u00e9c\u00e9dent devant le public espagnol. Vainqueur sans difficult\u00e9 de son duel face \u00e0 son compatriote et 101e mondial\u00a0Brandon Holt, l&rsquo;am\u00e9ricain devrait avoir envie de remporter cette fois-ci son quart de finale puisqu&rsquo;il a \u00e9t\u00e9 stopp\u00e9 \u00e0 ce stade au tournoi de Halle la semaine derni\u00e8re par le top 10 Daniil Medvedev. Mais avant cette \u00e9limination, le joueur de 20 ans avait fait sensation en stoppant \u00e0 la suite Francisco Cerundolo et Stefanos Tsitsipas dans la ville allemande.<\/p>\n<p>Roberto Bautista-Agut, de son c\u00f4t\u00e9, fera jouer l&rsquo;exp\u00e9rience dans ce quart de finale. En effet, le joueur de 37 ans est quart de finaliste pour la seconde ann\u00e9e cons\u00e9cutive dans ce tournoi qu&rsquo;il a la chance de jouer devant son public. Tombeur de Nuno Borges et Jakub Mensik\u00a0au tournoi du Queen&rsquo;s la semaine derni\u00e8re, l&rsquo;espagnol a remport\u00e9 son pr\u00e9c\u00e9dent quart de finale \u00e0 Londres face au top 10 Holger Rune avant d&rsquo;\u00eatre\u00a0demi-finaliste face \u00e0 Carlos Alcaraz.<\/p>\n","protected":false},"excerpt":{"rendered":"Publi\u00e9 le 25\/06\/2025 15:37 \u00a0par L\u00e9o Measson | Modifi\u00e9 le 25\/06\/2025 \u00e0 15:49 dans Pronostics Tennis Nous connaitrons&hellip;\n","protected":false},"author":2,"featured_media":204639,"comment_status":"","ping_status":"","sticky":false,"template":"","format":"standard","meta":{"footnotes":""},"categories":[1415],"tags":[34348,33690,1011,27,1817,1821,33181,60,1467],"class_list":{"0":"post-204638","1":"post","2":"type-post","3":"status-publish","4":"format-standard","5":"has-post-thumbnail","7":"category-tennis","8":"tag-alex-michelsen","9":"tag-atp-majorque","10":"tag-fr","11":"tag-france","12":"tag-pronostic","13":"tag-pronostics","14":"tag-roberto-bautista-agut","15":"tag-sports","16":"tag-tennis"},"share_on_mastodon":{"url":"https:\/\/pubeurope.com\/@fr\/114747168752915706","error":""},"_links":{"self":[{"href":"https:\/\/www.europesays.com\/fr\/wp-json\/wp\/v2\/posts\/204638","targetHints":{"allow":["GET"]}}],"collection":[{"href":"https:\/\/www.europesays.com\/fr\/wp-json\/wp\/v2\/posts"}],"about":[{"href":"https:\/\/www.europesays.com\/fr\/wp-json\/wp\/v2\/types\/post"}],"author":[{"embeddable":true,"href":"https:\/\/www.europesays.com\/fr\/wp-json\/wp\/v2\/users\/2"}],"replies":[{"embeddable":true,"href":"https:\/\/www.europesays.com\/fr\/wp-json\/wp\/v2\/comments?post=204638"}],"version-history":[{"count":0,"href":"https:\/\/www.europesays.com\/fr\/wp-json\/wp\/v2\/posts\/204638\/revisions"}],"wp:featuredmedia":[{"embeddable":true,"href":"https:\/\/www.europesays.com\/fr\/wp-json\/wp\/v2\/media\/204639"}],"wp:attachment":[{"href":"https:\/\/www.europesays.com\/fr\/wp-json\/wp\/v2\/media?parent=204638"}],"wp:term":[{"taxonomy":"category","embeddable":true,"href":"https:\/\/www.europesays.com\/fr\/wp-json\/wp\/v2\/categories?post=204638"},{"taxonomy":"post_tag","embeddable":true,"href":"https:\/\/www.europesays.com\/fr\/wp-json\/wp\/v2\/tags?post=204638"}],"curies":[{"name":"wp","href":"https:\/\/api.w.org\/{rel}","templated":true}]}}