{"id":204640,"date":"2025-06-26T01:54:14","date_gmt":"2025-06-26T01:54:14","guid":{"rendered":"https:\/\/www.europesays.com\/fr\/204640\/"},"modified":"2025-06-26T01:54:14","modified_gmt":"2025-06-26T01:54:14","slug":"bagnaia-a-pris-une-claque-oui-il-y-a-un-probleme-motorsport-com","status":"publish","type":"post","link":"https:\/\/www.europesays.com\/fr\/204640\/","title":{"rendered":"Bagnaia a pris une claque : &quot;Oui, il y a un probl\u00e8me&quot; &#8211; Motorsport.com"},"content":{"rendered":"<ol>\n<li><a href=\"https:\/\/news.google.com\/rss\/articles\/CBMijwFBVV95cUxOeG0yc0FfM3pwR1AtblpjUi1IbG9Ld2Nzb1g4SjZVbUlQa2t6Q2NfcUcxa1BONXRxQmZMeEU0R2ZJVU9RSlBHWFNKblo0VV9xZkFRWmlPN2VUS0NaYXlMSVB4U21tcXJYY3gzWFIyT25oWWJtOUxOQm9nZml6SnZ0c3lOUktHLWRKTXV5THhMNA?oc=5\" target=\"_blank\" rel=\"noopener\">Bagnaia a pris une claque : \u00ab\u00a0Oui, il y a un probl\u00e8me\u00a0\u00bb<\/a>&nbsp;&nbsp;Motorsport.com<\/li>\n<li><a href=\"https:\/\/news.google.com\/rss\/articles\/CBMikAFBVV95cUxNSVcxM0owaFZBaE9qVFA2cEVIc3pjTDZ4OU83ZDRtc1NuQ2pDSkZvYVlDRS15RHplbjgzbXZjdExWVHY2cWNUNC1XelZ1alhWLVUtNkFIX21OeHBGZ0RCdHhHTG9lZ2RKdnRKUmZrYXdoaEhFdjItajF2Qk03U2FzWm1UTnpQdDNqR2luUHloSHQ?oc=5\" target=\"_blank\" rel=\"noopener\">Ducati affirme son soutien \u00e0 Bagnaia : \u00ab\u00a0Nous lui faisons confiance\u00a0\u00bb<\/a>&nbsp;&nbsp;Motorsport.com<\/li>\n<li><a href=\"https:\/\/news.google.com\/rss\/articles\/CBMixAFBVV95cUxQWllmWFRhaENWQlkxZDhFWlQ4TE5IMWdlYm9xMjZIZ0s3Qk1haDc4MXRlY3FISExySXZDeEdBbzdrUXpxS01Nc3FOdFlkWFNhQ3M4cWFHNFRpbFVIY2dYbGlUOU14RUJZTUxfYVhLbkVCQW14SmlhcVhsTHRTRGpfNTB6alFXcEFucHk1UnpJd0JSRlQxZkk5MnlQb2hDVjlKVmdiTmFvZlpsNmFyTEZfSXUwVzllNDIzRUVxUVdFZTgzTWZF?oc=5\" target=\"_blank\" rel=\"noopener\">MotoGP, Davide Tardozzi : \u00ab\u00a0je pense que Gigi Dall\u2019Igna trouvera bient\u00f4t une solution pour Pecco Bagnaia\u00a0\u00bb<\/a>&nbsp;&nbsp;Paddock GP<\/li>\n<li><a href=\"https:\/\/news.google.com\/rss\/articles\/CBMiuAFBVV95cUxOYUxmZHVRbHIxdHUwQldNeE5YbmdaX1M0Z1ZiaEQ4S3p3YkU4bVIzeXV4YjlMM2ZHUjZnTTlyNFpGdFdFNl8xTGZZUFAzWGE3cUtFdmY3ZnQ1QTNRWHRmdk55bURVc1BCR1h4cmhNNEhPY2dTejVyR3pLUnQ0MmhXRVVadktQOUxOalF1NVVGaGppLS16dlVXWGhNMEhYRXhHdDhKQWFIVTJFM1VuV0RwSVRQT1NraVRR?oc=5\" target=\"_blank\" rel=\"noopener\">Bagnaia s\u2019est \u00ab comport\u00e9 comme un perdant \u00bb en ratant le podium au Mugello<\/a>&nbsp;&nbsp;AutoHebdo<\/li>\n<li><a href=\"https:\/\/news.google.com\/rss\/articles\/CBMihgJBVV95cUxOWTNtUU9hQXNjSnRWT3hpVTZ5cEVOQ2wxUjItN19XSkhXRkg5UVRGb1N4OHg1T1ZWOEtVdDA1enNucjZWekRMclJQTjBaWVE3US1RN2hmNnV1eE1tMzBrSUs5WDE3b3NkeHk2LTFsTk5iWHZfYnQwdDhvc3BfQWp2cmRQRF9rOWpMd0RNN3JMV2hWQUdCU1hPOUg2UFItUTFSZUYxbnBwYnNUZzR1ZTJIMU1qOUNFbFdtMzVLOGhkd2paYkgwSlMwbkJuZ2lkNWxSVFV4aHdzYUpVcUxzTk5vM3ByVEdqUGxhZnlEcGQ0aEM0cEpnRE85ZktWb2d2WGdZWUV4U2x3?oc=5\" target=\"_blank\" rel=\"noopener\">Bagnaia jette l&rsquo;\u00e9ponge apr\u00e8s sa quatri\u00e8me place au GP d&rsquo;Italie : \u00ab\u00a0Je ne peux pas faire ce que je veux sur la moto\u00a0\u00bb<\/a>&nbsp;&nbsp;MSN<\/li>\n<\/ol>\n","protected":false},"excerpt":{"rendered":"Bagnaia a pris une claque : \u00ab\u00a0Oui, il y a un probl\u00e8me\u00a0\u00bb&nbsp;&nbsp;Motorsport.com Ducati affirme son soutien \u00e0 Bagnaia&hellip;\n","protected":false},"author":2,"featured_media":204641,"comment_status":"","ping_status":"","sticky":false,"template":"","format":"standard","meta":{"footnotes":""},"categories":[1413],"tags":[4950,1011,27,31123,1457,1456,1458,31124,4951,60],"class_list":{"0":"post-204640","1":"post","2":"type-post","3":"status-publish","4":"format-standard","5":"has-post-thumbnail","7":"category-moto","8":"tag-ducati-team","9":"tag-fr","10":"tag-france","11":"tag-gp-ditalie","12":"tag-moto","13":"tag-motocycle","14":"tag-motogp","15":"tag-mugello","16":"tag-pecco-bagnaia","17":"tag-sports"},"share_on_mastodon":{"url":"https:\/\/pubeurope.com\/@fr\/114747176600609071","error":""},"_links":{"self":[{"href":"https:\/\/www.europesays.com\/fr\/wp-json\/wp\/v2\/posts\/204640","targetHints":{"allow":["GET"]}}],"collection":[{"href":"https:\/\/www.europesays.com\/fr\/wp-json\/wp\/v2\/posts"}],"about":[{"href":"https:\/\/www.europesays.com\/fr\/wp-json\/wp\/v2\/types\/post"}],"author":[{"embeddable":true,"href":"https:\/\/www.europesays.com\/fr\/wp-json\/wp\/v2\/users\/2"}],"replies":[{"embeddable":true,"href":"https:\/\/www.europesays.com\/fr\/wp-json\/wp\/v2\/comments?post=204640"}],"version-history":[{"count":0,"href":"https:\/\/www.europesays.com\/fr\/wp-json\/wp\/v2\/posts\/204640\/revisions"}],"wp:featuredmedia":[{"embeddable":true,"href":"https:\/\/www.europesays.com\/fr\/wp-json\/wp\/v2\/media\/204641"}],"wp:attachment":[{"href":"https:\/\/www.europesays.com\/fr\/wp-json\/wp\/v2\/media?parent=204640"}],"wp:term":[{"taxonomy":"category","embeddable":true,"href":"https:\/\/www.europesays.com\/fr\/wp-json\/wp\/v2\/categories?post=204640"},{"taxonomy":"post_tag","embeddable":true,"href":"https:\/\/www.europesays.com\/fr\/wp-json\/wp\/v2\/tags?post=204640"}],"curies":[{"name":"wp","href":"https:\/\/api.w.org\/{rel}","templated":true}]}}