{"id":204650,"date":"2025-06-26T01:59:04","date_gmt":"2025-06-26T01:59:04","guid":{"rendered":"https:\/\/www.europesays.com\/fr\/204650\/"},"modified":"2025-06-26T01:59:04","modified_gmt":"2025-06-26T01:59:04","slug":"le-sculpteur-othoniel-propose-une-odyssee-visuelle-et-sensorielle-dans-des-lieux-emblematiques-davignon","status":"publish","type":"post","link":"https:\/\/www.europesays.com\/fr\/204650\/","title":{"rendered":"Le sculpteur Othoniel propose une odyss\u00e9e visuelle et sensorielle dans des lieux embl\u00e9matiques d\u2019Avignon"},"content":{"rendered":"<p>\u00c0 \u00e9v\u00e9nement exceptionnel, exposition magistrale. Pour c\u00e9l\u00e9brer en majest\u00e9 le 25e anniversaire de sa d\u00e9signation comme Capitale europ\u00e9enne de la culture et les 30\u00a0ans de son inscription au patrimoine mondial de l\u2019UNESCO, la Ville d\u2019Avignon a choisi de confier ses cl\u00e9s \u00e0 un artiste po\u00e8te du merveilleux, <a href=\"https:\/\/www.laprovence.com\/article\/culture-loisirs\/1401255530739814\/le-sculpteur-jean-michel-othoniel-surgit-avec-dix-expositions-en-meme-temps-a-avignon\" target=\"_blank\" rel=\"noopener\">Jean-Michel Othoniel<\/a>. Du 28\u00a0juin au 4\u00a0janvier\u00a02026, la cit\u00e9 des papes devient ainsi le th\u00e9\u00e2tre c\u00e9leste d\u2019un r\u00eave \u00e9veill\u00e9, d\u2019un Cosmos amoureux et scintillant, dans lequel 260 \u0153uvres de l\u2019artiste prennent possession de dix lieux embl\u00e9matiques du patrimoine avignonnais.<\/p>\n","protected":false},"excerpt":{"rendered":"\u00c0 \u00e9v\u00e9nement exceptionnel, exposition magistrale. Pour c\u00e9l\u00e9brer en majest\u00e9 le 25e anniversaire de sa d\u00e9signation comme Capitale europ\u00e9enne&hellip;\n","protected":false},"author":2,"featured_media":204651,"comment_status":"","ping_status":"","sticky":false,"template":"","format":"standard","meta":{"footnotes":""},"categories":[1358],"tags":[17,1348,1384,1385,1386,58,59,1011,27,34350,34349,6088,16,28720,34352,96,34351],"class_list":{"0":"post-204650","1":"post","2":"type-post","3":"status-publish","4":"format-standard","5":"has-post-thumbnail","7":"category-arts-et-design","8":"tag-17","9":"tag-arts","10":"tag-arts-and-design","11":"tag-arts-et-design","12":"tag-design","13":"tag-divertissement","14":"tag-entertainment","15":"tag-fr","16":"tag-france","17":"tag-odyssee","18":"tag-othoniel","19":"tag-propose","20":"tag-region","21":"tag-sculpteur","22":"tag-sensorielle","23":"tag-une","24":"tag-visuelle"},"share_on_mastodon":{"url":"https:\/\/pubeurope.com\/@fr\/114747196307868310","error":""},"_links":{"self":[{"href":"https:\/\/www.europesays.com\/fr\/wp-json\/wp\/v2\/posts\/204650","targetHints":{"allow":["GET"]}}],"collection":[{"href":"https:\/\/www.europesays.com\/fr\/wp-json\/wp\/v2\/posts"}],"about":[{"href":"https:\/\/www.europesays.com\/fr\/wp-json\/wp\/v2\/types\/post"}],"author":[{"embeddable":true,"href":"https:\/\/www.europesays.com\/fr\/wp-json\/wp\/v2\/users\/2"}],"replies":[{"embeddable":true,"href":"https:\/\/www.europesays.com\/fr\/wp-json\/wp\/v2\/comments?post=204650"}],"version-history":[{"count":0,"href":"https:\/\/www.europesays.com\/fr\/wp-json\/wp\/v2\/posts\/204650\/revisions"}],"wp:featuredmedia":[{"embeddable":true,"href":"https:\/\/www.europesays.com\/fr\/wp-json\/wp\/v2\/media\/204651"}],"wp:attachment":[{"href":"https:\/\/www.europesays.com\/fr\/wp-json\/wp\/v2\/media?parent=204650"}],"wp:term":[{"taxonomy":"category","embeddable":true,"href":"https:\/\/www.europesays.com\/fr\/wp-json\/wp\/v2\/categories?post=204650"},{"taxonomy":"post_tag","embeddable":true,"href":"https:\/\/www.europesays.com\/fr\/wp-json\/wp\/v2\/tags?post=204650"}],"curies":[{"name":"wp","href":"https:\/\/api.w.org\/{rel}","templated":true}]}}