{"id":204660,"date":"2025-06-26T02:04:11","date_gmt":"2025-06-26T02:04:11","guid":{"rendered":"https:\/\/www.europesays.com\/fr\/204660\/"},"modified":"2025-06-26T02:04:11","modified_gmt":"2025-06-26T02:04:11","slug":"vaccination-infantile-inquietude-face-a-un-net-recul-dans-le-monde-actualites","status":"publish","type":"post","link":"https:\/\/www.europesays.com\/fr\/204660\/","title":{"rendered":"Vaccination infantile : inqui\u00e9tude face \u00e0 un net recul dans le monde : Actualit\u00e9s"},"content":{"rendered":"<p class=\"lead \"><strong>Mercredi 25 juin, une \u00e9tude publi\u00e9e dans la revue The Lancet a d\u00e9voil\u00e9 de nouvelles donn\u00e9es sur la vaccination infantile dans le monde. Ces derni\u00e8res montrent un net recul dans l&rsquo;acc\u00e8s aux vaccins, d\u00fb aux in\u00e9galit\u00e9s \u00e9conomiques, \u00e0 la pand\u00e9mie de Covid-19 et \u00e0 la d\u00e9sinformation.<\/strong><\/p>\n<p class=\"lead \"> C&rsquo;est une \u00e9tude particuli\u00e8rement pr\u00e9occupante qui a \u00e9t\u00e9 publi\u00e9e mercredi 25 juin dans le quotidien de r\u00e9f\u00e9rence <a href=\"https:\/\/www.thelancet.com\/journals\/lancet\/article\/PIIS0140-6736(25)01037-2\/abstract\" target=\"_blank\" rel=\"nofollow noopener\">The Lancet<\/a>. Selon celle-ci, la vaccination infantile serait en baisse dans le monde. Un ralentissement \u00e0 l&rsquo;\u00e9chelle mondiale qui trouve ses origines dans les in\u00e9galit\u00e9s \u00e9conomiques, le recul de l&rsquo;acc\u00e8s aux soins et la d\u00e9sinformation sur les vaccins, rapporte <a href=\"https:\/\/www.france24.com\/fr\/info-en-continu\/20250625-la-vaccination-des-enfants-faiblit-dans-le-monde-des-millions-de-vies-en-danger-avertit-une-%C3%A9tude\" target=\"_blank\" rel=\"nofollow noopener\">France 24<\/a>. <\/p>\n<p class=\"lead \">Bas\u00e9e sur les donn\u00e9es de vaccination infantile \u00e0 l&rsquo;\u00e9chelle mondiale, entre 1980 et 2023, l&rsquo;\u00e9tude montre que, malgr\u00e9 les 154 millions de vies d&rsquo;enfants sauv\u00e9es par la vaccination, certains indicateurs pointent des trous dans la raquette de l&rsquo;acc\u00e8s aux soins de vaccination. En effet, \u00ab\u00a0ces progr\u00e8s \u00e0 long terme masquent des d\u00e9fis r\u00e9cents et des disparit\u00e9s notables\u00a0\u00bb, note la revue sp\u00e9cialis\u00e9e.<\/p>\n<p>                                                                                                La pand\u00e9mie de Covid-19 responsable ?<\/p>\n<p class=\"lead \">Certes, si les vaccins contre la dipht\u00e9rie, le t\u00e9tanos, la coqueluche, la rougeole, la poliomy\u00e9lite, la tuberculose ont doubl\u00e9 entre 1980 et 2023, d&rsquo;importants d\u00e9s\u00e9quilibres demeurent. Si l&rsquo;on se concentre sur la rougeole, la vaccination contre cette maladie a diminu\u00e9 entre 2010 et 2019 dans pr\u00e8s de la moiti\u00e9 des pays du monde. L&rsquo;Am\u00e9rique latine et les Cara\u00efbes sont particuli\u00e8rement concern\u00e9es.<\/p>\n<p class=\"lead \">Certaines difficult\u00e9s li\u00e9es \u00e0 l&rsquo;acc\u00e8s aux vaccins ont \u00e9galement \u00e9t\u00e9 exacerb\u00e9es par la pand\u00e9mie de Covid-19. Entre 2020 et 2023, pr\u00e8s de 13 millions d&rsquo;enfants suppl\u00e9mentaires n&rsquo;ont jamais re\u00e7u la moindre dose de vaccin et 15,6 millions d&rsquo;enfants n&rsquo;ont pas eu les trois doses compl\u00e8tes de vaccin contre la dipht\u00e9rie, le t\u00e9tanos ou la coqueluche. Des contrastes dans l&rsquo;acc\u00e8s aux vaccins fortement corr\u00e9l\u00e9s \u00e0 la richesse des pays. Jonathan Mosser, auteur principal de l&rsquo;\u00e9tude, a ainsi souhait\u00e9 rappeler que \u00ab\u00a0la vaccination syst\u00e9matique des enfants est l&rsquo;une des actions de sant\u00e9 publique les plus puissantes et rentables\u00a0\u00bb, assure-t-il.<\/p>\n<p class=\"small font-weight-bold text-gray3 \"> publi\u00e9 le 25 juin \u00e0 11h26, Gabriel Gadr\u00e9, 6M\u00e9dias<\/p>\n<p>                             Partager<\/p>\n","protected":false},"excerpt":{"rendered":"Mercredi 25 juin, une \u00e9tude publi\u00e9e dans la revue The Lancet a d\u00e9voil\u00e9 de nouvelles donn\u00e9es sur la&hellip;\n","protected":false},"author":2,"featured_media":204661,"comment_status":"","ping_status":"","sticky":false,"template":"","format":"standard","meta":{"footnotes":""},"categories":[10],"tags":[1011,27,72,71],"class_list":{"0":"post-204660","1":"post","2":"type-post","3":"status-publish","4":"format-standard","5":"has-post-thumbnail","7":"category-sante","8":"tag-fr","9":"tag-france","10":"tag-health","11":"tag-sante"},"share_on_mastodon":{"url":"https:\/\/pubeurope.com\/@fr\/114747216373459108","error":""},"_links":{"self":[{"href":"https:\/\/www.europesays.com\/fr\/wp-json\/wp\/v2\/posts\/204660","targetHints":{"allow":["GET"]}}],"collection":[{"href":"https:\/\/www.europesays.com\/fr\/wp-json\/wp\/v2\/posts"}],"about":[{"href":"https:\/\/www.europesays.com\/fr\/wp-json\/wp\/v2\/types\/post"}],"author":[{"embeddable":true,"href":"https:\/\/www.europesays.com\/fr\/wp-json\/wp\/v2\/users\/2"}],"replies":[{"embeddable":true,"href":"https:\/\/www.europesays.com\/fr\/wp-json\/wp\/v2\/comments?post=204660"}],"version-history":[{"count":0,"href":"https:\/\/www.europesays.com\/fr\/wp-json\/wp\/v2\/posts\/204660\/revisions"}],"wp:featuredmedia":[{"embeddable":true,"href":"https:\/\/www.europesays.com\/fr\/wp-json\/wp\/v2\/media\/204661"}],"wp:attachment":[{"href":"https:\/\/www.europesays.com\/fr\/wp-json\/wp\/v2\/media?parent=204660"}],"wp:term":[{"taxonomy":"category","embeddable":true,"href":"https:\/\/www.europesays.com\/fr\/wp-json\/wp\/v2\/categories?post=204660"},{"taxonomy":"post_tag","embeddable":true,"href":"https:\/\/www.europesays.com\/fr\/wp-json\/wp\/v2\/tags?post=204660"}],"curies":[{"name":"wp","href":"https:\/\/api.w.org\/{rel}","templated":true}]}}