{"id":204662,"date":"2025-06-26T02:05:13","date_gmt":"2025-06-26T02:05:13","guid":{"rendered":"https:\/\/www.europesays.com\/fr\/204662\/"},"modified":"2025-06-26T02:05:13","modified_gmt":"2025-06-26T02:05:13","slug":"girondins-christine-bost-regrette-les-pertes-financieres-pour-bordeaux-metropole","status":"publish","type":"post","link":"https:\/\/www.europesays.com\/fr\/204662\/","title":{"rendered":"Girondins : Christine Bost regrette les pertes financi\u00e8res pour Bordeaux M\u00e9tropole"},"content":{"rendered":"<p><img decoding=\"async\" src=\"https:\/\/www.europesays.com\/fr\/wp-content\/uploads\/2025\/05\/671_08f4b7b2dc8f69086f39c1ddea5b3108.png\" alt=\"Girondins : Christine Bost regrette les pertes financi\u00e8res pour Bordeaux M\u00e9tropole\" class=\"img-responsive mt-3\"\/><\/p>\n<p class=\"text-center mb-3\" style=\"font-size: 14px\">\u00a9 Iconsport<\/p>\n<p>      <strong>\u00ab\u00a0Nous allons perdre beaucoup d\u2019argent au passage\u00a0\u00bb<\/strong><\/p>\n<p style=\"text-align: justify;\">Christine Bost sur TV7 : \u00ab\u00a0C\u2019est une bonne nouvelle pour les amateurs de football, c\u2019est une bonne nouvelle pour le territoire qu\u2019il y ait la continuit\u00e9, \u00e9videmment, du club. Ce n\u2019est pas une tr\u00e8s bonne nouvelle pour l\u2019argent public, puisque nous allons perdre beaucoup d\u2019argent au passage. La dette du club est de 19 millions d\u2019euros, <a href=\"https:\/\/www.webgirondins.com\/actualite-girondins-girondins-gerard-lopez-se-paie-oliver-kahn-et-les-soi-disant-supporters-caches-derriere-un-reseau-social-129545\" target=\"_blank\" rel=\"noopener\">on en r\u00e9cup\u00e9rera quelques pour cent<\/a>.<\/p>\n<p style=\"text-align: justify;\">Mais il faut regarder les enjeux de demain et d\u2019apr\u00e8s-demain. L\u2019id\u00e9e, c\u2019est d\u2019esp\u00e9rer que le club renoue avec les bons r\u00e9sultats sportifs, et renoue avec le haut niveau, pour le plus grand plaisir des supporters, notamment.\u00a0\u00bb<\/p>\n<p>\u00a0<\/p>\n<p>\u00c0 lire &gt;&gt;<strong><a href=\"http:\/\/Girondins%20%20G%C3%A9rard%20Lopez%20d%C3%A9fend%20son%20projet%20et%20d%C3%A9nonce%20un%20loyer%20trop%20%C3%A9lev%C3%A9\" target=\"_blank\" rel=\"noopener\"> Girondins : G\u00e9rard Lopez d\u00e9fend son projet et d\u00e9nonce un loyer trop \u00e9lev\u00e9<\/a><\/strong><\/p>\n<p>\u00a0<\/p>\n<p>Notre podcast court :<\/p>\n<p>\u00a0<\/p>\n<p>\u00a0<\/p>\n","protected":false},"excerpt":{"rendered":"\u00a9 Iconsport \u00ab\u00a0Nous allons perdre beaucoup d\u2019argent au passage\u00a0\u00bb Christine Bost sur TV7 : \u00ab\u00a0C\u2019est une bonne nouvelle&hellip;\n","protected":false},"author":2,"featured_media":88993,"comment_status":"","ping_status":"","sticky":false,"template":"","format":"standard","meta":{"footnotes":""},"categories":[9],"tags":[1997,19926,19925,6410,27875,5245,1011,27,1987,34354,34175,2800,34353,471,19924,7914,30391,60],"class_list":{"0":"post-204662","1":"post","2":"type-post","3":"status-publish","4":"format-standard","5":"has-post-thumbnail","7":"category-sports","8":"tag-bordeaux","9":"tag-bost","10":"tag-christine","11":"tag-concernant","12":"tag-decisions","13":"tag-financieres","14":"tag-fr","15":"tag-france","16":"tag-girondins","17":"tag-interrogee","18":"tag-juridiques","19":"tag-metropole","20":"tag-pertes","21":"tag-pour","22":"tag-presidente","23":"tag-reagit","24":"tag-regrette","25":"tag-sports"},"share_on_mastodon":{"url":"https:\/\/pubeurope.com\/@fr\/114747220139130130","error":""},"_links":{"self":[{"href":"https:\/\/www.europesays.com\/fr\/wp-json\/wp\/v2\/posts\/204662","targetHints":{"allow":["GET"]}}],"collection":[{"href":"https:\/\/www.europesays.com\/fr\/wp-json\/wp\/v2\/posts"}],"about":[{"href":"https:\/\/www.europesays.com\/fr\/wp-json\/wp\/v2\/types\/post"}],"author":[{"embeddable":true,"href":"https:\/\/www.europesays.com\/fr\/wp-json\/wp\/v2\/users\/2"}],"replies":[{"embeddable":true,"href":"https:\/\/www.europesays.com\/fr\/wp-json\/wp\/v2\/comments?post=204662"}],"version-history":[{"count":0,"href":"https:\/\/www.europesays.com\/fr\/wp-json\/wp\/v2\/posts\/204662\/revisions"}],"wp:featuredmedia":[{"embeddable":true,"href":"https:\/\/www.europesays.com\/fr\/wp-json\/wp\/v2\/media\/88993"}],"wp:attachment":[{"href":"https:\/\/www.europesays.com\/fr\/wp-json\/wp\/v2\/media?parent=204662"}],"wp:term":[{"taxonomy":"category","embeddable":true,"href":"https:\/\/www.europesays.com\/fr\/wp-json\/wp\/v2\/categories?post=204662"},{"taxonomy":"post_tag","embeddable":true,"href":"https:\/\/www.europesays.com\/fr\/wp-json\/wp\/v2\/tags?post=204662"}],"curies":[{"name":"wp","href":"https:\/\/api.w.org\/{rel}","templated":true}]}}