{"id":204669,"date":"2025-06-26T02:09:11","date_gmt":"2025-06-26T02:09:11","guid":{"rendered":"https:\/\/www.europesays.com\/fr\/204669\/"},"modified":"2025-06-26T02:09:11","modified_gmt":"2025-06-26T02:09:11","slug":"le-choc-zohran-mamdani-en-route-vers-la-mairie-liberation","status":"publish","type":"post","link":"https:\/\/www.europesays.com\/fr\/204669\/","title":{"rendered":"le choc Zohran Mamdani, en route vers la mairie \u2013 Lib\u00e9ration"},"content":{"rendered":"<p class=\"sc-ksZaOG ehjQrN text-element\">Piteux, abattu&#8230; <a href=\"https:\/\/www.liberation.fr\/international\/amerique\/andrew-cuomo-la-chute-du-king-of-new-york-20210302_QSN74UF4RBH23GT2PZOCGERZKA\/\" target=\"_blank\" rel=\"noreferrer noopener\" title=\"https:\/\/www.liberation.fr\/international\/amerique\/andrew-cuomo-la-chute-du-king-of-new-york-20210302_QSN74UF4RBH23GT2PZOCGERZKA\/\">Andrew Cuomo, titan politique<\/a> et favori de la primaire d\u00e9mocrate pour la mairie de New York, n\u2019a pu que conc\u00e9der sa d\u00e9faite au soir du 24 juin. Avant m\u00eame que les r\u00e9sultats ne soient totalement \u00e9tablis, vu la complexit\u00e9 du scrutin, l\u2019incarnation de l\u2019establishment new-yorkais et ancien gouverneur de l\u2019Etat avait bien compris les chiffres: au vu de l\u2019\u00e9cart de voix entre lui et \u00a0Zohran Mamdani \u2013 36% contre 44% \u2013 il a pr\u00e9f\u00e9r\u00e9 s\u2019incliner. \u00abCe n\u2019\u00e9tait pas notre soir\u00e9e\u00bb, <a href=\"https:\/\/www.liberation.fr\/international\/amerique\/harcelement-sexuel-comment-cuomo-gouverneur-de-new-york-a-fait-pression-sur-ses-accusatrices-20210806_N2OFDKDOBVBTDD24CTAG22UCMI\/\" target=\"_blank\" rel=\"noopener\" title=\"https:\/\/www.liberation.fr\/international\/amerique\/harcelement-sexuel-comment-cuomo-gouverneur-de-new-york-a-fait-pression-sur-ses-accusatrices-20210806_N2OFDKDOBVBTDD24CTAG22UCMI\/\">a reconnu Cuomo<\/a>. Mais donc bien celle de Zohran Mamdani, 33 ans, musulman, militant propalestinien, <a href=\"https:\/\/www.liberation.fr\/international\/moyen-orient\/primaire-democrate-pour-la-mairie-de-new-york-un-socialiste-adoube-par-bernie-sanders-bien-parti-pour-bousculer-lestablishm&lt;\/p&gt;&lt;\/div&gt;&lt;\/article&gt;&lt;\/div&gt;&lt;div data-fusion-lazy-id=\" f0f8vgvlad832fw=\"\" target=\"_blank\" rel=\"noopener\"><\/p>\n","protected":false},"excerpt":{"rendered":"Piteux, abattu&#8230; Andrew Cuomo, titan politique et favori de la primaire d\u00e9mocrate pour la mairie de New York,&hellip;\n","protected":false},"author":2,"featured_media":204670,"comment_status":"","ping_status":"","sticky":false,"template":"","format":"standard","meta":{"footnotes":""},"categories":[5],"tags":[11,73,1011,27,14,415,12,1203,28],"class_list":{"0":"post-204669","1":"post","2":"type-post","3":"status-publish","4":"format-standard","5":"has-post-thumbnail","7":"category-international","8":"tag-actualites","9":"tag-etats-unis","10":"tag-fr","11":"tag-france","12":"tag-international","13":"tag-new-york","14":"tag-news","15":"tag-parti-democrate","16":"tag-world"},"share_on_mastodon":{"url":"https:\/\/pubeurope.com\/@fr\/114747235892526272","error":""},"_links":{"self":[{"href":"https:\/\/www.europesays.com\/fr\/wp-json\/wp\/v2\/posts\/204669","targetHints":{"allow":["GET"]}}],"collection":[{"href":"https:\/\/www.europesays.com\/fr\/wp-json\/wp\/v2\/posts"}],"about":[{"href":"https:\/\/www.europesays.com\/fr\/wp-json\/wp\/v2\/types\/post"}],"author":[{"embeddable":true,"href":"https:\/\/www.europesays.com\/fr\/wp-json\/wp\/v2\/users\/2"}],"replies":[{"embeddable":true,"href":"https:\/\/www.europesays.com\/fr\/wp-json\/wp\/v2\/comments?post=204669"}],"version-history":[{"count":0,"href":"https:\/\/www.europesays.com\/fr\/wp-json\/wp\/v2\/posts\/204669\/revisions"}],"wp:featuredmedia":[{"embeddable":true,"href":"https:\/\/www.europesays.com\/fr\/wp-json\/wp\/v2\/media\/204670"}],"wp:attachment":[{"href":"https:\/\/www.europesays.com\/fr\/wp-json\/wp\/v2\/media?parent=204669"}],"wp:term":[{"taxonomy":"category","embeddable":true,"href":"https:\/\/www.europesays.com\/fr\/wp-json\/wp\/v2\/categories?post=204669"},{"taxonomy":"post_tag","embeddable":true,"href":"https:\/\/www.europesays.com\/fr\/wp-json\/wp\/v2\/tags?post=204669"}],"curies":[{"name":"wp","href":"https:\/\/api.w.org\/{rel}","templated":true}]}}