{"id":204671,"date":"2025-06-26T02:10:14","date_gmt":"2025-06-26T02:10:14","guid":{"rendered":"https:\/\/www.europesays.com\/fr\/204671\/"},"modified":"2025-06-26T02:10:14","modified_gmt":"2025-06-26T02:10:14","slug":"un-an-sous-bracelet-electronique-pour-la-femme-qui-a-brule-vif-son-grand-pere-grabataire","status":"publish","type":"post","link":"https:\/\/www.europesays.com\/fr\/204671\/","title":{"rendered":"Un an sous bracelet \u00e9lectronique pour la femme qui a br\u00fbl\u00e9 vif son grand-p\u00e8re grabataire"},"content":{"rendered":"<p>La cour d\u2019assises de l\u2019<a href=\"https:\/\/www.20minutes.fr\/dossier\/ain\" class=\"color-ultramarine c-link\" rel=\"nofollow noopener\" target=\"_blank\">Ain<\/a> a condamn\u00e9 mercredi en appel une femme de 33 ans \u00e0 cinq ans de prison, dont un ferme \u00e0 purger sous bracelet \u00e9lectronique, pour <a href=\"https:\/\/www.20minutes.fr\/justice\/4113653-20241004-lyon-femme-aide-grand-pere-mourir-immolant-condamnee-cinq-ans-prison-sursis\" class=\"color-ultramarine c-link\" rel=\"nofollow noopener\" target=\"_blank\">avoir mis le feu au lit de son grand-p\u00e8re de 95 ans<\/a>, en ao\u00fbt\u00a02020 \u00e0 Saint-Laurent-de-Mure (<a href=\"https:\/\/www.20minutes.fr\/dossier\/rhone\" class=\"color-ultramarine c-link\" rel=\"nofollow noopener\" target=\"_blank\">Rh\u00f4ne<\/a>).<\/p>\n<p>La cour a estim\u00e9 que son geste n\u2019\u00e9tait \u00ab\u00a0nullement une d\u00e9marche raisonn\u00e9e d\u2019euthanasie\u00a0\u00bb, mais un acte de violence volontaire aux cons\u00e9quences dramatiques.<\/p>\n<\/p>\n<p>Un geste \u00ab\u00a0d\u2019amour\u00a0\u00bb selon l\u2019accus\u00e9e<\/p>\n<p>\u00c0 la barre, la jeune femme, m\u00e8re de deux enfants, a expliqu\u00e9 avoir voulu soulager les souffrances de son a\u00efeul, tr\u00e8s affaibli, alit\u00e9, et qui selon elle lui demandait r\u00e9guli\u00e8rement \u00ab\u00a0d\u2019en finir\u00a0\u00bb. \u00ab\u00a0Il en avait marre, clairement\u00a0\u00bb, a confirm\u00e9 une ancienne auxiliaire de vie. Tr\u00e8s \u00e9mue, l\u2019accus\u00e9e a \u00e9voqu\u00e9 un geste commis dans un \u00e9tat second, quelques heures apr\u00e8s une rupture sentimentale brutale.<\/p>\n<p>Son avocat, Me Thibaud Claus, a plaid\u00e9 un \u00ab\u00a0acte d\u2019amour\u00a0\u00bb, dans un contexte familial marqu\u00e9 par le silence autour de la fin de vie du nonag\u00e9naire. Il a salu\u00e9 une peine \u00ab\u00a0juste\u00a0\u00bb, \u00e0 l\u2019issue d\u2019un proc\u00e8s o\u00f9 la famille de l\u2019accus\u00e9e a fait bloc derri\u00e8re elle.<\/p>\n<p>Une mort atroce<\/p>\n<p>Mais pour l\u2019avocat g\u00e9n\u00e9ral, il ne pouvait s\u2019agir d\u2019un geste d\u2019amour. \u00ab\u00a0Quand on aime, on ne br\u00fble pas\u00a0\u00bb, a-t-il ass\u00e9n\u00e9. Le repr\u00e9sentant du minist\u00e8re public avait requis quinze ans de r\u00e9clusion, d\u00e9non\u00e7ant un \u00ab\u00a0assassinat dans des conditions atroces\u00a0\u00bb. Le vieil homme a en effet \u00e9t\u00e9 retrouv\u00e9 mort asphyxi\u00e9 et \u00e0 moiti\u00e9 carbonis\u00e9. Il \u00e9tait incapable de se d\u00e9fendre.<\/p>\n<p>Les experts ont soulign\u00e9 la violence du mode op\u00e9ratoire. La jeune femme a reconnu avoir vers\u00e9 du carburant sur la literie, \u00ab\u00a0sans regarder\u00a0\u00bb et en tremblant. Mais un expert incendie a d\u00e9crit un d\u00e9p\u00f4t \u00ab\u00a0minutieux, pr\u00e9cis\u00a0\u00bb. La cour a retenu une alt\u00e9ration du discernement, relevant un \u00e9tat de dissociation psychique au moment des faits, mais n\u2019a pas retenu l\u2019excuse de l\u2019euthanasie.<\/p>\n<p><a href=\"https:\/\/www.20minutes.fr\/faits_divers\/\" class=\"c-link c-btn c-btn--primary\" rel=\"nofollow noopener\" target=\"_blank\">Notre dossier faits divers<\/a>Un proc\u00e8s en \u00e9cho \u00e0 l\u2019actualit\u00e9<\/p>\n<p>Quelques heures avant le drame, le conjoint de la jeune femme lui avait annonc\u00e9 qu\u2019il la quittait en lui r\u00e9v\u00e9lant un adult\u00e8re, \u00ab\u00a0d\u00e9clenchant\u00a0\u00bb le passage \u00e0 l\u2019acte de l\u2019accus\u00e9e, selon une psychologue.<\/p>\n<p>Cette affaire intervient alors que le <a href=\"https:\/\/www.20minutes.fr\/dossier\/parlement\" class=\"color-ultramarine c-link\" rel=\"nofollow noopener\" target=\"_blank\">Parlement<\/a> examine en ce moment m\u00eame un projet de loi sur l\u2019aide \u00e0 mourir. \u00ab\u00a0Peut-\u00eatre qu\u2019on aurait eu d\u2019autres moyens\u00a0\u00bb si le d\u00e9bat avait \u00e9t\u00e9 ouvert plus t\u00f4t dans la famille, a estim\u00e9 Me Claus, \u00e9voquant un geste \u00ab\u00a0isol\u00e9, d\u00e9sesp\u00e9r\u00e9, dans une situation sans solution l\u00e9gale\u00a0\u00bb. L\u2019accus\u00e9e, en larmes \u00e0 l\u2019\u00e9nonc\u00e9 du verdict, purgera sa peine ferme sous bracelet \u00e9lectronique, en d\u00e9tention \u00e0 domicile.<\/p>\n","protected":false},"excerpt":{"rendered":"La cour d\u2019assises de l\u2019Ain a condamn\u00e9 mercredi en appel une femme de 33 ans \u00e0 cinq ans&hellip;\n","protected":false},"author":2,"featured_media":204672,"comment_status":"","ping_status":"","sticky":false,"template":"","format":"standard","meta":{"footnotes":""},"categories":[4],"tags":[47,11,2738,6744,2430,118,1011,27,303,12,25,2429,2431],"class_list":{"0":"post-204671","1":"post","2":"type-post","3":"status-publish","4":"format-standard","5":"has-post-thumbnail","7":"category-france","8":"tag-actualite","9":"tag-actualites","10":"tag-ain","11":"tag-assassinat","12":"tag-auvergne-rhone-alpes","13":"tag-faits-divers","14":"tag-fr","15":"tag-france","16":"tag-justice","17":"tag-news","18":"tag-republique-francaise","19":"tag-rhone","20":"tag-rhone-alpes"},"share_on_mastodon":{"url":"https:\/\/pubeurope.com\/@fr\/114747239619493492","error":""},"_links":{"self":[{"href":"https:\/\/www.europesays.com\/fr\/wp-json\/wp\/v2\/posts\/204671","targetHints":{"allow":["GET"]}}],"collection":[{"href":"https:\/\/www.europesays.com\/fr\/wp-json\/wp\/v2\/posts"}],"about":[{"href":"https:\/\/www.europesays.com\/fr\/wp-json\/wp\/v2\/types\/post"}],"author":[{"embeddable":true,"href":"https:\/\/www.europesays.com\/fr\/wp-json\/wp\/v2\/users\/2"}],"replies":[{"embeddable":true,"href":"https:\/\/www.europesays.com\/fr\/wp-json\/wp\/v2\/comments?post=204671"}],"version-history":[{"count":0,"href":"https:\/\/www.europesays.com\/fr\/wp-json\/wp\/v2\/posts\/204671\/revisions"}],"wp:featuredmedia":[{"embeddable":true,"href":"https:\/\/www.europesays.com\/fr\/wp-json\/wp\/v2\/media\/204672"}],"wp:attachment":[{"href":"https:\/\/www.europesays.com\/fr\/wp-json\/wp\/v2\/media?parent=204671"}],"wp:term":[{"taxonomy":"category","embeddable":true,"href":"https:\/\/www.europesays.com\/fr\/wp-json\/wp\/v2\/categories?post=204671"},{"taxonomy":"post_tag","embeddable":true,"href":"https:\/\/www.europesays.com\/fr\/wp-json\/wp\/v2\/tags?post=204671"}],"curies":[{"name":"wp","href":"https:\/\/api.w.org\/{rel}","templated":true}]}}