{"id":204677,"date":"2025-06-26T02:13:09","date_gmt":"2025-06-26T02:13:09","guid":{"rendered":"https:\/\/www.europesays.com\/fr\/204677\/"},"modified":"2025-06-26T02:13:09","modified_gmt":"2025-06-26T02:13:09","slug":"un-nouveau-gardien-a-saint-etienne-lasse-mise-sur-la-jeunesse","status":"publish","type":"post","link":"https:\/\/www.europesays.com\/fr\/204677\/","title":{"rendered":"UN NOUVEAU GARDIEN \u00c0 SAINT-\u00c9TIENNE : L&rsquo;ASSE MISE SUR LA JEUNESSE !"},"content":{"rendered":"<p>Eirik Horneland et son \u00e9quipe technique peuvent compter sur un effectif r\u00e9duit d\u2019une vingtaine de joueurs pour cette reprise estivale. Cette p\u00e9riode de pr\u00e9paration offre une opportunit\u00e9 pr\u00e9cieuse aux espoirs du club de se m\u00e9langer aux professionnels.<\/p>\n<p>Une chance pour les p\u00e9pites du centre de formation<\/p>\n<p>Plusieurs talents issus de la formation st\u00e9phanoise ont eu l\u2019occasion de montrer leurs qualit\u00e9s ces derniers jours. Jules Mouton, Beres Owusu (qui revient de son passage \u00e0 QRM), Issiaka Tour\u00e9 et Lassana Traor\u00e9 s\u2019entra\u00eenent d\u00e9sormais r\u00e9guli\u00e8rement avec l\u2019\u00e9quipe premi\u00e8re. Le groupe s\u2019est \u00e9toff\u00e9 avec l\u2019arriv\u00e9e de Luan Gadegbeku, fra\u00eechement rentr\u00e9 de vacances apr\u00e8s avoir honor\u00e9 une s\u00e9lection avec les Bleuets U18.<\/p>\n<p>D\u2019autres jeunes prometteurs comme Nadir El Jamali, Djylian N\u2019Guessan et Paul Eymard rejoindront bient\u00f4t leurs co\u00e9quipiers.<\/p>\n<p>Un gardien de 18 ans fait sensation<\/p>\n<p>Mardi dernier, c\u2019est un portier n\u00e9 en 2006 qui a cr\u00e9\u00e9 la surprise en participant \u00e0 la s\u00e9ance d\u2019entra\u00eenement. Noa Delacroix, arriv\u00e9 dans le Forez en 2023 depuis Versailles, a ainsi eu droit \u00e0 sa premi\u00e8re exp\u00e9rience avec le groupe professionnel. Une opportunit\u00e9 rare qui pourrait se reproduire selon l\u2019\u00e9volution de la hi\u00e9rarchie au poste de gardien.<\/p>\n<p>La bataille pour le statut de num\u00e9ro 3<\/p>\n<p>Bien que le duo Gautier Larsonneur \u2013 Brice Maubleu semble acquis pour la saison \u00e0 venir, la lutte fait rage pour la troisi\u00e8me place. Les dirigeants verts explorent le march\u00e9, notamment du c\u00f4t\u00e9 de Robin Risser (Strasbourg), mais restent attentifs aux solutions internes.<\/p>\n<p>Delacroix, actuellement quatri\u00e8me dans la hi\u00e9rarchie, nourrit l\u2019espoir de devenir le gardien titulaire de l\u2019\u00e9quipe r\u00e9serve. Son avenir d\u00e9pendra largement de celui d\u2019Issiaka Tour\u00e9, plus exp\u00e9riment\u00e9 et disponible pour un pr\u00eat. L\u2019ancien Toulousain, recommand\u00e9 par J\u00e9r\u00e9mie Janot lors de sa signature, pourrait voir son destin s\u2019\u00e9crire ailleurs.<\/p>\n<p>L\u2019\u00e9t\u00e9 sera d\u00e9cisif<\/p>\n<p>Les prochaines semaines s\u2019annoncent cruciales pour d\u00e9terminer la composition finale du secteur d\u00e9fensif st\u00e9phanois. Entre ambitions sportives et gestion des jeunes talents, l\u2019ASSE devra faire les bons choix pour pr\u00e9parer au mieux son retour en Ligue 2.<\/p>\n","protected":false},"excerpt":{"rendered":"Eirik Horneland et son \u00e9quipe technique peuvent compter sur un effectif r\u00e9duit d\u2019une vingtaine de joueurs pour cette&hellip;\n","protected":false},"author":2,"featured_media":204678,"comment_status":"","ping_status":"","sticky":false,"template":"","format":"standard","meta":{"footnotes":""},"categories":[9653],"tags":[1111,11,461,2430,1777,674,2257,1011,27,3367,12,25,4001,517],"class_list":{"0":"post-204677","1":"post","2":"type-post","3":"status-publish","4":"format-standard","5":"has-post-thumbnail","7":"category-saint-etienne","8":"tag-actu","9":"tag-actualites","10":"tag-asse","11":"tag-auvergne-rhone-alpes","12":"tag-eu","13":"tag-europe","14":"tag-foot","15":"tag-fr","16":"tag-france","17":"tag-loire","18":"tag-news","19":"tag-republique-francaise","20":"tag-saint-etienne","21":"tag-sport"},"share_on_mastodon":{"url":"https:\/\/pubeurope.com\/@fr\/114747251397302705","error":""},"_links":{"self":[{"href":"https:\/\/www.europesays.com\/fr\/wp-json\/wp\/v2\/posts\/204677","targetHints":{"allow":["GET"]}}],"collection":[{"href":"https:\/\/www.europesays.com\/fr\/wp-json\/wp\/v2\/posts"}],"about":[{"href":"https:\/\/www.europesays.com\/fr\/wp-json\/wp\/v2\/types\/post"}],"author":[{"embeddable":true,"href":"https:\/\/www.europesays.com\/fr\/wp-json\/wp\/v2\/users\/2"}],"replies":[{"embeddable":true,"href":"https:\/\/www.europesays.com\/fr\/wp-json\/wp\/v2\/comments?post=204677"}],"version-history":[{"count":0,"href":"https:\/\/www.europesays.com\/fr\/wp-json\/wp\/v2\/posts\/204677\/revisions"}],"wp:featuredmedia":[{"embeddable":true,"href":"https:\/\/www.europesays.com\/fr\/wp-json\/wp\/v2\/media\/204678"}],"wp:attachment":[{"href":"https:\/\/www.europesays.com\/fr\/wp-json\/wp\/v2\/media?parent=204677"}],"wp:term":[{"taxonomy":"category","embeddable":true,"href":"https:\/\/www.europesays.com\/fr\/wp-json\/wp\/v2\/categories?post=204677"},{"taxonomy":"post_tag","embeddable":true,"href":"https:\/\/www.europesays.com\/fr\/wp-json\/wp\/v2\/tags?post=204677"}],"curies":[{"name":"wp","href":"https:\/\/api.w.org\/{rel}","templated":true}]}}