{"id":20468,"date":"2025-04-12T19:59:12","date_gmt":"2025-04-12T19:59:12","guid":{"rendered":"https:\/\/www.europesays.com\/fr\/20468\/"},"modified":"2025-04-12T19:59:12","modified_gmt":"2025-04-12T19:59:12","slug":"bordeaux-saint-malo-la-composition-dequipe-officielle-des-girondins","status":"publish","type":"post","link":"https:\/\/www.europesays.com\/fr\/20468\/","title":{"rendered":"Bordeaux &#8211; Saint-Malo : la composition d&rsquo;\u00e9quipe officielle des Girondins"},"content":{"rendered":"<p><img decoding=\"async\" src=\"https:\/\/www.europesays.com\/fr\/wp-content\/uploads\/2025\/04\/671_120d7771ba88002dbf8b534339eff372.png\" alt=\"Bordeaux - Saint-Malo : la composition d'\u00e9quipe officielle des Girondins\" class=\"img-responsive mt-3\"\/><\/p>\n<p class=\"text-center mb-3\" style=\"font-size: 14px\">\u00a9 Iconsport<\/p>\n<p>Le 11 de d\u00e9part :<\/p>\n<p><img decoding=\"async\" src=\"https:\/\/www.europesays.com\/fr\/wp-content\/uploads\/2025\/04\/4-4-2 (1)-1.jpg\" alt=\"4-4-2 (1)-1.jpg (73 KB)\" style=\"width:700px;max-width:100%;\"\/><\/p>\n<p>Le banc : Ikia Dimi, Yamb\u00e9r\u00e9, Assogba, Merdji, Depussay<\/p>\n<p>La composition du groupe est <a href=\"https:\/\/www.webgirondins.com\/actualite-girondins-bordeaux-saint-malo-le-11-probable-des-girondins-de-bordeaux-128699\" target=\"_blank\" rel=\"noopener\">disponible ici<\/a>.<\/p>\n<p><strong>Les matchs de\u00a018h :<\/strong><\/p>\n<p>Saumur &#8211; Saint Pryv\u00e9<br \/><a href=\"https:\/\/www.webgirondins.com\/actualite-girondins-girondins-une-seance-de-travail-dense-avec-andy-carroll-et-driss-trichard-avant-saint-malo-128675\" target=\"_blank\" rel=\"noopener\">Bordeaux &#8211; Saint-Malo<\/a><br \/>Bourges &#8211; Saint-Brieuc<br \/>Dinan L\u00e9hon &#8211; La Roche VF<br \/>Poitiers &#8211; Les Herbiers<br \/>Le Poir\u00e9 &#8211; Granville<br \/>Locmin\u00e9 &#8211; Ch\u00e2teaubriant<\/p>\n<p><img decoding=\"async\" src=\"https:\/\/www.europesays.com\/fr\/wp-content\/uploads\/2025\/04\/Capture d\u2019e\u0301cran 2025-04-11 a\u0300 22.12.19-1.png\" alt=\"Capture d\u2019e\u0301cran 2025-04-11 a\u0300 22.12.19-1.png (337 KB)\" style=\"width:700px;max-width:100%;\"\/><\/p>\n<p>\u00c0 lire aussi &gt;&gt;\u00a0<a href=\"https:\/\/www.webgirondins.com\/actualite-girondins-girondins-oliver-kahn-nous-avons-deja-mis-30-millions-d-euros-sur-la-table-128694\" target=\"_blank\" rel=\"noopener\"><strong>Oliver Kahn : \u00ab\u00a0Nous avons d\u00e9j\u00e0 mis 30 millions d\u2019euros sur la table\u00a0\u00bb<\/strong><\/a><\/p>\n<p>\u00a0<\/p>\n","protected":false},"excerpt":{"rendered":"\u00a9 Iconsport Le 11 de d\u00e9part : Le banc : Ikia Dimi, Yamb\u00e9r\u00e9, Assogba, Merdji, Depussay La composition&hellip;\n","protected":false},"author":2,"featured_media":7157,"comment_status":"","ping_status":"","sticky":false,"template":"","format":"standard","meta":{"footnotes":""},"categories":[9],"tags":[3987,2865,1997,3211,3984,3474,3985,2263,1011,27,1987,3212,3465,6073,955,2862,3238,3986,471,3213,3982,60],"class_list":{"0":"post-20468","1":"post","2":"type-post","3":"status-publish","4":"format-standard","5":"has-post-thumbnail","7":"category-sports","8":"tag-affronter","9":"tag-atlantique","10":"tag-bordeaux","11":"tag-bruno","12":"tag-composition","13":"tag-decouvrez","14":"tag-depart","15":"tag-equipe","16":"tag-fr","17":"tag-france","18":"tag-girondins","19":"tag-irles","20":"tag-journee","21":"tag-malo","22":"tag-match","23":"tag-matmut","24":"tag-national","25":"tag-officielle","26":"tag-pour","27":"tag-saint","28":"tag-samedi","29":"tag-sports"},"share_on_mastodon":{"url":"https:\/\/pubeurope.com\/@fr\/114326769951449431","error":""},"_links":{"self":[{"href":"https:\/\/www.europesays.com\/fr\/wp-json\/wp\/v2\/posts\/20468","targetHints":{"allow":["GET"]}}],"collection":[{"href":"https:\/\/www.europesays.com\/fr\/wp-json\/wp\/v2\/posts"}],"about":[{"href":"https:\/\/www.europesays.com\/fr\/wp-json\/wp\/v2\/types\/post"}],"author":[{"embeddable":true,"href":"https:\/\/www.europesays.com\/fr\/wp-json\/wp\/v2\/users\/2"}],"replies":[{"embeddable":true,"href":"https:\/\/www.europesays.com\/fr\/wp-json\/wp\/v2\/comments?post=20468"}],"version-history":[{"count":0,"href":"https:\/\/www.europesays.com\/fr\/wp-json\/wp\/v2\/posts\/20468\/revisions"}],"wp:featuredmedia":[{"embeddable":true,"href":"https:\/\/www.europesays.com\/fr\/wp-json\/wp\/v2\/media\/7157"}],"wp:attachment":[{"href":"https:\/\/www.europesays.com\/fr\/wp-json\/wp\/v2\/media?parent=20468"}],"wp:term":[{"taxonomy":"category","embeddable":true,"href":"https:\/\/www.europesays.com\/fr\/wp-json\/wp\/v2\/categories?post=20468"},{"taxonomy":"post_tag","embeddable":true,"href":"https:\/\/www.europesays.com\/fr\/wp-json\/wp\/v2\/tags?post=20468"}],"curies":[{"name":"wp","href":"https:\/\/api.w.org\/{rel}","templated":true}]}}