{"id":204691,"date":"2025-06-26T02:24:33","date_gmt":"2025-06-26T02:24:33","guid":{"rendered":"https:\/\/www.europesays.com\/fr\/204691\/"},"modified":"2025-06-26T02:24:33","modified_gmt":"2025-06-26T02:24:33","slug":"rennes-premiere-ville-francaise-a-limiter-drastiquement-la-taille-des-piscines-privees","status":"publish","type":"post","link":"https:\/\/www.europesays.com\/fr\/204691\/","title":{"rendered":"Rennes, premi\u00e8re ville fran\u00e7aise \u00e0 limiter drastiquement la taille des piscines priv\u00e9es"},"content":{"rendered":"<p><strong>Douche froide &#8211; Le nouveau plan local d\u2019urbanisme de la m\u00e9tropole de Rennes interdit l\u2019am\u00e9nagement de bassins de plus de 25 m\u00b3 d\u2019eau dans toute la m\u00e9tropole<\/strong><\/p>\n<p>Ce n\u2019est pas le paragraphe qui affectera le plus la vie des habitants. Mais il montre une voie et livre un message politique clair : la construction dans la m\u00e9tropole rennaise ne peut plus se faire \u00ab comme avant \u00bb et doit absolument prendre en compte la r\u00e9alit\u00e9 du <a href=\"https:\/\/www.20minutes.fr\/dossier\/rechauffement-climatique?at_medium=RSS%20feed&amp;at_campaign=ynews&amp;utm_source=yahoo&amp;utm_medium=rss&amp;utm_campaign=news_feed&amp;utm_content=in_article_link\" rel=\"nofollow noopener\" target=\"_blank\" data-ylk=\"slk:r\u00e9chauffement climatique;elm:context_link;itc:0;sec:content-canvas\" class=\"link \">r\u00e9chauffement climatique<\/a> pour s\u2019adapter. Jeudi soir, le conseil de Rennes m\u00e9tropole a adopt\u00e9 une deuxi\u00e8me modification <a href=\"https:\/\/ici.rennes.fr\/actualites\/2025-06-20-rennes-metropole-ajuste-son-budget-2025\/?at_medium=RSS%20feed&amp;at_campaign=ynews&amp;utm_source=yahoo&amp;utm_medium=rss&amp;utm_campaign=news_feed&amp;utm_content=in_article_link\" rel=\"nofollow noopener\" target=\"_blank\" data-ylk=\"slk:de son plan local d\u2019urbanisme intercommunal;elm:context_link;itc:0;sec:content-canvas\" class=\"link \">de son plan local d\u2019urbanisme intercommunal<\/a>. Une sorte de bible r\u00e9gissant la mani\u00e8re dont on construit sur ce territoire d\u2019un peu moins de 500.000 habitants.<\/p>\n<p>Apr\u00e8s avoir impos\u00e9 <a href=\"https:\/\/www.20minutes.fr\/societe\/4015036-20221216-rennes-metropole-balcon-terrasse-loggia-obligatoires-tous-logements?at_medium=RSS%20feed&amp;at_campaign=ynews&amp;utm_source=yahoo&amp;utm_medium=rss&amp;utm_campaign=news_feed&amp;utm_content=in_article_link\" rel=\"nofollow noopener\" target=\"_blank\" data-ylk=\"slk:l\u2019am\u00e9nagement d\u2019un balcon ou d\u2019une loggia pour tous les futurs logements neufs;elm:context_link;itc:0;sec:content-canvas\" class=\"link \">l\u2019am\u00e9nagement d\u2019un balcon ou d\u2019une loggia pour tous les futurs logements neufs<\/a>, la collectivit\u00e9 dirig\u00e9e par la gauche vient d\u2019acter de nouvelles obligations. La r\u00e9cup\u00e9ration d\u2019eau sera obligatoire dans toutes les constructions neuves et devra alimenter <a href=\"https:\/\/www.20minutes.fr\/planete\/4157739-20250615-quand-vraiment-droit-reutiliser-eaux-pluie-france?at_medium=RSS%20feed&amp;at_campaign=ynews&amp;utm_source=yahoo&amp;utm_medium=rss&amp;utm_campaign=news_feed&amp;utm_content=in_article_link\" rel=\"nofollow noopener\" target=\"_blank\" data-ylk=\"slk:le r\u00e9seau de toilettes et de machines \u00e0 laver;elm:context_link;itc:0;sec:content-canvas\" class=\"link \">le r\u00e9seau de toilettes et de machines \u00e0 laver<\/a>. Mais ce n\u2019est pas tout. Pour tenter de r\u00e9duire la consommation d\u2019eau, la m\u00e9tropole a \u00e9galement d\u00e9cid\u00e9 de limiter la taille des <a href=\"https:\/\/www.20minutes.fr\/dossier\/piscine?at_medium=RSS%20feed&amp;at_campaign=ynews&amp;utm_source=yahoo&amp;utm_medium=rss&amp;utm_campaign=news_feed&amp;utm_content=in_article_link\" rel=\"nofollow noopener\" target=\"_blank\" data-ylk=\"slk:piscines;elm:context_link;itc:0;sec:content-canvas\" class=\"link \">piscines<\/a> priv\u00e9es de tous ses habitants. Et \u00e7a ne passe pas aupr\u00e8s de certains.<\/p>\n<p>L\u2019interdiction totale retoqu\u00e9e<\/p>\n<p>En France, l\u2019am\u00e9nagement d\u2019une piscine de plus de 10 m\u00b2 est soumis \u00e0 autorisation. A compter de maintenant, la m\u00e9tropole sera donc en droit de refuser tous les bassins qui d\u00e9passeront un volume de 25 m\u00b3 d\u2019eau. \u00ab Certaines communes avaient tent\u00e9 d\u2019interdire totalement les piscines. Ce n\u2019\u00e9tait pas notre intention et de toute fa\u00e7on, ce n\u2019est pas l\u00e9gal. Notre volont\u00e9, c\u2019est de limiter le volume, dans l\u2019(&#8230;)<\/p>\n<p><a href=\"https:\/\/www.20minutes.fr\/planete\/rechauffement-climatique\/4160181-20250625-rennes-premiere-ville-francaise-limiter-drastiquement-taille-piscines-privees?at_medium=RSS%20feed&amp;at_campaign=ynews&amp;utm_source=yahoo&amp;utm_medium=rss&amp;utm_campaign=news_feed&amp;utm_content=read_more_link\" rel=\"nofollow noopener\" target=\"_blank\" data-ylk=\"slk:Lire la suite sur 20minutes;elm:context_link;itc:0;sec:content-canvas\" class=\"link \">Lire la suite sur 20minutes<\/a><\/p>\n<p>\u00c0 lire aussi :<br \/><a href=\"https:\/\/www.20minutes.fr\/societe\/4015036-20221216-rennes-metropole-balcon-terrasse-loggia-obligatoires-tous-logements?at_medium=RSS%20feed&amp;at_campaign=ynews&amp;utm_source=yahoo&amp;utm_medium=rss&amp;utm_campaign=news_feed&amp;utm_content=related_content_link\" rel=\"nofollow noopener\" target=\"_blank\" data-ylk=\"slk:Dans Rennes M\u00e9tropole, le balcon, la terrasse ou la loggia obligatoires dans tous les logements;elm:context_link;itc:0;sec:content-canvas\" class=\"link \">Dans Rennes M\u00e9tropole, le balcon, la terrasse ou la loggia obligatoires dans tous les logements<\/a><br \/><a href=\"https:\/\/www.20minutes.fr\/planete\/secheresse\/4156854-20250607-restrictions-eau-astuces-laisser-griller-jardin-vegetation?at_medium=RSS%20feed&amp;at_campaign=ynews&amp;utm_source=yahoo&amp;utm_medium=rss&amp;utm_campaign=news_feed&amp;utm_content=related_content_link\" rel=\"nofollow noopener\" target=\"_blank\" data-ylk=\"slk:Restrictions d\u2019eau : Quelles astuces pour ne pas laisser griller son jardin et sa v\u00e9g\u00e9tation;elm:context_link;itc:0;sec:content-canvas\" class=\"link \">Restrictions d\u2019eau : Quelles astuces pour ne pas laisser griller son jardin et sa v\u00e9g\u00e9tation<\/a><\/p>\n","protected":false},"excerpt":{"rendered":"Douche froide &#8211; Le nouveau plan local d\u2019urbanisme de la m\u00e9tropole de Rennes interdit l\u2019am\u00e9nagement de bassins de&hellip;\n","protected":false},"author":2,"featured_media":204692,"comment_status":"","ping_status":"","sticky":false,"template":"","format":"standard","meta":{"footnotes":""},"categories":[2821],"tags":[1111,11,829,1777,674,1011,27,34356,12,34355,584,34357,25],"class_list":{"0":"post-204691","1":"post","2":"type-post","3":"status-publish","4":"format-standard","5":"has-post-thumbnail","7":"category-rennes","8":"tag-actu","9":"tag-actualites","10":"tag-bretagne","11":"tag-eu","12":"tag-europe","13":"tag-fr","14":"tag-france","15":"tag-la-construction","16":"tag-news","17":"tag-plan-local-durbanisme","18":"tag-rennes","19":"tag-rennes-metropole","20":"tag-republique-francaise"},"share_on_mastodon":{"url":"https:\/\/pubeurope.com\/@fr\/114747294557115415","error":""},"_links":{"self":[{"href":"https:\/\/www.europesays.com\/fr\/wp-json\/wp\/v2\/posts\/204691","targetHints":{"allow":["GET"]}}],"collection":[{"href":"https:\/\/www.europesays.com\/fr\/wp-json\/wp\/v2\/posts"}],"about":[{"href":"https:\/\/www.europesays.com\/fr\/wp-json\/wp\/v2\/types\/post"}],"author":[{"embeddable":true,"href":"https:\/\/www.europesays.com\/fr\/wp-json\/wp\/v2\/users\/2"}],"replies":[{"embeddable":true,"href":"https:\/\/www.europesays.com\/fr\/wp-json\/wp\/v2\/comments?post=204691"}],"version-history":[{"count":0,"href":"https:\/\/www.europesays.com\/fr\/wp-json\/wp\/v2\/posts\/204691\/revisions"}],"wp:featuredmedia":[{"embeddable":true,"href":"https:\/\/www.europesays.com\/fr\/wp-json\/wp\/v2\/media\/204692"}],"wp:attachment":[{"href":"https:\/\/www.europesays.com\/fr\/wp-json\/wp\/v2\/media?parent=204691"}],"wp:term":[{"taxonomy":"category","embeddable":true,"href":"https:\/\/www.europesays.com\/fr\/wp-json\/wp\/v2\/categories?post=204691"},{"taxonomy":"post_tag","embeddable":true,"href":"https:\/\/www.europesays.com\/fr\/wp-json\/wp\/v2\/tags?post=204691"}],"curies":[{"name":"wp","href":"https:\/\/api.w.org\/{rel}","templated":true}]}}