{"id":204695,"date":"2025-06-26T02:26:15","date_gmt":"2025-06-26T02:26:15","guid":{"rendered":"https:\/\/www.europesays.com\/fr\/204695\/"},"modified":"2025-06-26T02:26:15","modified_gmt":"2025-06-26T02:26:15","slug":"enseignement-superieur-emmanuel-droit-elu-directeur-de-sciences-po-strasbourg","status":"publish","type":"post","link":"https:\/\/www.europesays.com\/fr\/204695\/","title":{"rendered":"Enseignement sup\u00e9rieur. Emmanuel Droit \u00e9lu directeur de Sciences Po Strasbourg"},"content":{"rendered":"<p>R\u00e9uni mardi soir, le conseil d\u2019administration de Sciences Po Strasbourg a \u00e9lu Emmanuel Droit \u00e0 la t\u00eate de l\u2019\u00e9cole, pour un mandat de cinq ans. \u00c0 partir du 1 er \u00a0septembre, il succ\u00e9dera \u00e0 Jean-Philippe Heurtin, dont il \u00e9tait l\u2019adjoint d\u00e9l\u00e9gu\u00e9 aux \u00e9tudes depuis 2020. <\/p>\n<p>Agr\u00e9g\u00e9 et docteur en histoire, sp\u00e9cialiste de l\u2019Allemagne et de l\u2019Europe du XX e \u00a0si\u00e8cle (il a publi\u00e9 l\u2019an dernier La d\u00e9nazification. Posthistoire du III e Reich , aux Presses Universitaires de France), ce Lorrain d\u2019origine a \u00e9tudi\u00e9 \u00e0 Nancy, G\u00f6ttingen, Paris et Berlin, puis a enseign\u00e9 \u00e0 Rennes, a \u00e9t\u00e9 directeur adjoint du Centre <a href=\"https:\/\/www.dna.fr\/p\/marc-bloch\" target=\"_blank\" rel=\"nofollow noopener\">Marc Bloch<\/a> \u00e0 Berlin, avant de rejoindre Sciences Po Strasbourg en 2017, en tant que professeur des universit\u00e9s en histoire contemporaine. <\/p>\n<p>L\u2019une de ses priorit\u00e9s affich\u00e9es est \u00ab\u00a0d\u2019apaiser, de mani\u00e8re urgente, une \u00e9cole \u00e9puis\u00e9e par la <a href=\"https:\/\/www.dna.fr\/faits-divers-justice\/2025\/04\/09\/nouveau-blocage-de-sciences-po-premier-defi-pour-la-nouvelle-presidente-de-l-universite\" target=\"_blank\" rel=\"nofollow noopener\">crise autour du partenariat avec l\u2019universit\u00e9 (isra\u00e9lienne) Reichman<\/a> , en d\u00e9passant les tensions sans les nier\u00a0\u00bb. Cette crise de plusieurs mois s\u2019est traduite notamment par des blocages de l\u2019\u00e9cole par des \u00e9tudiants pro-Palestiniens accusant l\u2019universit\u00e9 Reichman de soutenir la guerre \u00e0 Gaza. Les forces de l\u2019ordre \u00e9taient intervenues en avril, \u00e0 la demande de la pr\u00e9sidente de l\u2019Universit\u00e9 de Strasbourg, pour y mettre un terme.<\/p>\n","protected":false},"excerpt":{"rendered":"R\u00e9uni mardi soir, le conseil d\u2019administration de Sciences Po Strasbourg a \u00e9lu Emmanuel Droit \u00e0 la t\u00eate de&hellip;\n","protected":false},"author":2,"featured_media":204696,"comment_status":"","ping_status":"","sticky":false,"template":"","format":"standard","meta":{"footnotes":""},"categories":[2820],"tags":[1111,11,2389,1057,4854,1777,674,107,1011,27,775,12,25,640],"class_list":{"0":"post-204695","1":"post","2":"type-post","3":"status-publish","4":"format-standard","5":"has-post-thumbnail","7":"category-strasbourg","8":"tag-actu","9":"tag-actualites","10":"tag-alsace","11":"tag-education","12":"tag-enseignement-superieur","13":"tag-eu","14":"tag-europe","15":"tag-fil-info","16":"tag-fr","17":"tag-france","18":"tag-grand-est","19":"tag-news","20":"tag-republique-francaise","21":"tag-strasbourg"},"share_on_mastodon":{"url":"https:\/\/pubeurope.com\/@fr\/114747302428936554","error":""},"_links":{"self":[{"href":"https:\/\/www.europesays.com\/fr\/wp-json\/wp\/v2\/posts\/204695","targetHints":{"allow":["GET"]}}],"collection":[{"href":"https:\/\/www.europesays.com\/fr\/wp-json\/wp\/v2\/posts"}],"about":[{"href":"https:\/\/www.europesays.com\/fr\/wp-json\/wp\/v2\/types\/post"}],"author":[{"embeddable":true,"href":"https:\/\/www.europesays.com\/fr\/wp-json\/wp\/v2\/users\/2"}],"replies":[{"embeddable":true,"href":"https:\/\/www.europesays.com\/fr\/wp-json\/wp\/v2\/comments?post=204695"}],"version-history":[{"count":0,"href":"https:\/\/www.europesays.com\/fr\/wp-json\/wp\/v2\/posts\/204695\/revisions"}],"wp:featuredmedia":[{"embeddable":true,"href":"https:\/\/www.europesays.com\/fr\/wp-json\/wp\/v2\/media\/204696"}],"wp:attachment":[{"href":"https:\/\/www.europesays.com\/fr\/wp-json\/wp\/v2\/media?parent=204695"}],"wp:term":[{"taxonomy":"category","embeddable":true,"href":"https:\/\/www.europesays.com\/fr\/wp-json\/wp\/v2\/categories?post=204695"},{"taxonomy":"post_tag","embeddable":true,"href":"https:\/\/www.europesays.com\/fr\/wp-json\/wp\/v2\/tags?post=204695"}],"curies":[{"name":"wp","href":"https:\/\/api.w.org\/{rel}","templated":true}]}}