{"id":204707,"date":"2025-06-26T02:32:16","date_gmt":"2025-06-26T02:32:16","guid":{"rendered":"https:\/\/www.europesays.com\/fr\/204707\/"},"modified":"2025-06-26T02:32:16","modified_gmt":"2025-06-26T02:32:16","slug":"ligne-sncf-bordeaux-toulouse-le-week-end-sannonce-complique-sur-les-rails","status":"publish","type":"post","link":"https:\/\/www.europesays.com\/fr\/204707\/","title":{"rendered":"Ligne SNCF Bordeaux-Toulouse : le week end s&rsquo;annonce compliqu\u00e9 sur les rails"},"content":{"rendered":"<p><img decoding=\"async\" class=\"\" style=\"width:100%\" src=\"https:\/\/www.europesays.com\/fr\/wp-content\/uploads\/2025\/06\/track-2745075_12801647451733761.jpg\" alt=\"Le trafic entre Toulouse et Bordeaux sera perturb\u00e9 ce week-end du 28 juin 2025\"\/><\/p>\n<p>Le trafic entre Toulouse et Bordeaux sera perturb\u00e9 ce week-end du 28 juin 2025<\/p>\n<p>Cr\u00e9dit : CCO Photo d&rsquo;illustration <\/p>\n<p>Si vous devez prendre <strong>le train ce week-end sur la ligne entre Bordeaux et Toulouse<\/strong>, il faudra peut-\u00eatre trouver d&rsquo;autres solutions pour se d\u00e9placer.\u00a0<\/p>\n<p>SNCF R\u00e9seau r\u00e9alise d&rsquo;importants travaux d&rsquo;infrastructure sur le tron\u00e7on entre Bordeaux et Agen dans le cadre des am\u00e9nagements ferroviaires au sud de Bordeaux, n\u00e9cessitant des interruptions de circulation.<\/p>\n<p>TER, Intercit\u00e9s et TGV impact\u00e9s pour 24h<\/p>\n<p><strong>Au menu des travaux pr\u00e9vus pour ce week-end<\/strong> : terrassement de la plateforme ferroviaire \u00e0 Villenave d&rsquo;Ornon, travaux des fondations sur le pont-rail des Gen\u00eats \u00e0 Cadaujac, travaux de basculage cat\u00e9naire.\u00a0<\/p>\n<p>La circulation sera interrompue <strong>du samedi 28 juin \u00e0 12h30 au dimanche 29 juin \u00e0 12h30<\/strong> au sud de Bordeaux.\u00a0<\/p>\n<p>Pour les <strong>TER de la L44<\/strong>, la circulation sera interrompue entre Bordeaux et Langon avec une substitution par autocar. <strong>Pour les Intercit\u00e9s<\/strong>, interruption entre Bordeaux et Toulouse avec substitution routi\u00e8re par autocar. Les <strong>TGV INOUI et TGV OUIGO sont supprim\u00e9s<\/strong> sans substitution routi\u00e8re.<\/p>\n<p>Toutes les informations sont \u00e0 retrouver sur le site <a href=\"https:\/\/www.sncf-connect.com\" rel=\"noopener\" target=\"_blank\">Sncf Connect<\/a>, <a href=\"https:\/\/www.sncf-voyageurs.com\/fr\/\" rel=\"noopener\" target=\"_blank\">SNCF Voyageurs <\/a>et <a href=\"https:\/\/www.ter.sncf.com\/nouvelle-aquitaine?gclsrc=aw.ds&amp;gad_source=1&amp;gad_campaignid=22639270532&amp;gbraid=0AAAAADKDLjaAjoPTyaP2H6eaN0EKqBtAN&amp;gclid=CjwKCAjwvO7CBhAqEiwA9q2YJd7xrlugVSFgEPgSTWJgm2uRe4CM9Ul15nFUe6sPh4sl0nlAaWktHRoCIfgQAvD_BwE\" rel=\"noopener\" target=\"_blank\">TER Nouvelle-Aquitaine<\/a>.<\/p>\n","protected":false},"excerpt":{"rendered":"Le trafic entre Toulouse et Bordeaux sera perturb\u00e9 ce week-end du 28 juin 2025 Cr\u00e9dit : CCO Photo&hellip;\n","protected":false},"author":2,"featured_media":204708,"comment_status":"","ping_status":"","sticky":false,"template":"","format":"standard","meta":{"footnotes":""},"categories":[2817],"tags":[1111,11,8837,1997,1777,674,1011,27,34363,34359,34358,12,2219,25,2215,6472,34360,34361,34362,2312],"class_list":{"0":"post-204707","1":"post","2":"type-post","3":"status-publish","4":"format-standard","5":"has-post-thumbnail","7":"category-bordeaux","8":"tag-actu","9":"tag-actualites","10":"tag-agen","11":"tag-bordeaux","12":"tag-eu","13":"tag-europe","14":"tag-fr","15":"tag-france","16":"tag-intercite","17":"tag-langon","18":"tag-marmande","19":"tag-news","20":"tag-nouvelle-aquitaine","21":"tag-republique-francaise","22":"tag-sncf","23":"tag-ter","24":"tag-ter-nouvelle-aquitaine","25":"tag-tgv-inoui","26":"tag-tgv-ouigo","27":"tag-toulouse"},"share_on_mastodon":{"url":"https:\/\/pubeurope.com\/@fr\/114747326102362284","error":""},"_links":{"self":[{"href":"https:\/\/www.europesays.com\/fr\/wp-json\/wp\/v2\/posts\/204707","targetHints":{"allow":["GET"]}}],"collection":[{"href":"https:\/\/www.europesays.com\/fr\/wp-json\/wp\/v2\/posts"}],"about":[{"href":"https:\/\/www.europesays.com\/fr\/wp-json\/wp\/v2\/types\/post"}],"author":[{"embeddable":true,"href":"https:\/\/www.europesays.com\/fr\/wp-json\/wp\/v2\/users\/2"}],"replies":[{"embeddable":true,"href":"https:\/\/www.europesays.com\/fr\/wp-json\/wp\/v2\/comments?post=204707"}],"version-history":[{"count":0,"href":"https:\/\/www.europesays.com\/fr\/wp-json\/wp\/v2\/posts\/204707\/revisions"}],"wp:featuredmedia":[{"embeddable":true,"href":"https:\/\/www.europesays.com\/fr\/wp-json\/wp\/v2\/media\/204708"}],"wp:attachment":[{"href":"https:\/\/www.europesays.com\/fr\/wp-json\/wp\/v2\/media?parent=204707"}],"wp:term":[{"taxonomy":"category","embeddable":true,"href":"https:\/\/www.europesays.com\/fr\/wp-json\/wp\/v2\/categories?post=204707"},{"taxonomy":"post_tag","embeddable":true,"href":"https:\/\/www.europesays.com\/fr\/wp-json\/wp\/v2\/tags?post=204707"}],"curies":[{"name":"wp","href":"https:\/\/api.w.org\/{rel}","templated":true}]}}