{"id":204709,"date":"2025-06-26T02:33:20","date_gmt":"2025-06-26T02:33:20","guid":{"rendered":"https:\/\/www.europesays.com\/fr\/204709\/"},"modified":"2025-06-26T02:33:20","modified_gmt":"2025-06-26T02:33:20","slug":"le-pont-daquitaine-ferme-pour-travaux","status":"publish","type":"post","link":"https:\/\/www.europesays.com\/fr\/204709\/","title":{"rendered":"le pont d&rsquo;Aquitaine ferm\u00e9 pour travaux"},"content":{"rendered":"<p>            Par<br \/>\n        <strong><br \/>\n            <a href=\"https:\/\/actu.fr\/auteur\/redaction-bordeaux\" title=\"Consulter tous les articles de R\u00e9daction Bordeaux\" target=\"_blank\" rel=\"noopener\">R\u00e9daction Bordeaux<\/a><br \/>\n        <\/strong><\/p>\n<p>        Publi\u00e9 le<\/p>\n<p>            25 juin 2025 \u00e0 17h32        <\/p>\n<p>Avis aux usagers de <a href=\"https:\/\/actu.fr\/tag\/rocade-de-bordeaux\" target=\"_blank\" rel=\"noopener\">la rocade de Bordeaux<\/a> : des travaux perturberont bient\u00f4t la circulation. Il sera impossible de traverser la Garonne par le <strong>pont d\u2019Aquitaine<\/strong> en fin de semaine.\u00a0<\/p>\n<p>Ferm\u00e9 pr\u00e8s de 24 heures<\/p>\n<p class=\" wall-content\">La section de la rocade A630 entre l\u2019\u00e9changeur 2 (Lormont \u2013 Croix Rouge) et l\u2019\u00e9changeur 4 (Bordeaux \u2013 Labarde) sera ferm\u00e9e <strong>dans les deux sens<\/strong> de circulation.<\/p>\n<p class=\" wall-content\">Cette portion \u2013 qui comprend le pont d\u2019Aquitaine \u2013 sera interdite \u00e0 la circulation \u00e0 partir de <strong>22 heures ce samedi 28 juin<\/strong> et jusqu\u2019\u00e0 18 heures le lendemain, dimanche 29 juin 2025.<\/p>\n<p class=\" wall-content\">Les pistes cyclables du <a href=\"https:\/\/actu.fr\/tag\/pont-d-aquitaine\" target=\"_blank\" rel=\"noopener\">pont d\u2019Aquitaine<\/a> sont <strong>\u00e9galement ferm\u00e9es<\/strong> sur la m\u00eame p\u00e9riode.\u00a0<\/p>\n<p class=\" wall-content\">Le dernier pont sur la Garonne avant l\u2019estuaire est donc infranchissable. Des d\u00e9viations seront mises en place via la rocade, le <strong>r\u00e9seau local<\/strong> et le pont Fran\u00e7ois Mitterrand.\u00a0<\/p>\n<p>Vid\u00e9os : en ce moment sur Actu<\/p>\n<p class=\" wall-content\">Avec <strong>110 000 usagers au quotidien,<\/strong> l\u2019ouvrage est particuli\u00e8rement emprunt\u00e9 en Gironde. Pour garantir sa viabilit\u00e9 et la s\u00e9curit\u00e9 de tous, l\u2019\u00c9tat r\u00e9alise r\u00e9guli\u00e8rement ces travaux de maintenance et d\u2019entretien du pont et de ses abords.<\/p>\n<p class=\" wall-content\">Suivez toute l\u2019actualit\u00e9 de vos villes et m\u00e9dias favoris en vous inscrivant \u00e0 <a href=\"https:\/\/moncompte.actu.fr\" title=\"D\u00e9couvez Mon Actu\" rel=\"nofollow noopener\" data-trk=\"{&quot;cta&quot;:{&quot;action&quot;:&quot;https:\\\/\\\/moncompte.actu.fr&quot;,&quot;category&quot;:&quot;mon compte&quot;,&quot;from&quot;:&quot;article footer&quot;,&quot;name&quot;:&quot;Mon actu&quot;,&quot;type&quot;:&quot;cta&quot;}}\" target=\"_blank\">Mon Actu<\/a>.<\/p>\n","protected":false},"excerpt":{"rendered":"Par R\u00e9daction Bordeaux Publi\u00e9 le 25 juin 2025 \u00e0 17h32 Avis aux usagers de la rocade de Bordeaux&hellip;\n","protected":false},"author":2,"featured_media":94248,"comment_status":"","ping_status":"","sticky":false,"template":"","format":"standard","meta":{"footnotes":""},"categories":[2817],"tags":[1111,11,1997,3542,1777,674,1011,27,12,2219,13228,25,13229,104],"class_list":{"0":"post-204709","1":"post","2":"type-post","3":"status-publish","4":"format-standard","5":"has-post-thumbnail","7":"category-bordeaux","8":"tag-actu","9":"tag-actualites","10":"tag-bordeaux","11":"tag-circulation","12":"tag-eu","13":"tag-europe","14":"tag-fr","15":"tag-france","16":"tag-news","17":"tag-nouvelle-aquitaine","18":"tag-pont-daquitaine","19":"tag-republique-francaise","20":"tag-rocade-de-bordeaux","21":"tag-societe"},"share_on_mastodon":{"url":"https:\/\/pubeurope.com\/@fr\/114747329989675576","error":""},"_links":{"self":[{"href":"https:\/\/www.europesays.com\/fr\/wp-json\/wp\/v2\/posts\/204709","targetHints":{"allow":["GET"]}}],"collection":[{"href":"https:\/\/www.europesays.com\/fr\/wp-json\/wp\/v2\/posts"}],"about":[{"href":"https:\/\/www.europesays.com\/fr\/wp-json\/wp\/v2\/types\/post"}],"author":[{"embeddable":true,"href":"https:\/\/www.europesays.com\/fr\/wp-json\/wp\/v2\/users\/2"}],"replies":[{"embeddable":true,"href":"https:\/\/www.europesays.com\/fr\/wp-json\/wp\/v2\/comments?post=204709"}],"version-history":[{"count":0,"href":"https:\/\/www.europesays.com\/fr\/wp-json\/wp\/v2\/posts\/204709\/revisions"}],"wp:featuredmedia":[{"embeddable":true,"href":"https:\/\/www.europesays.com\/fr\/wp-json\/wp\/v2\/media\/94248"}],"wp:attachment":[{"href":"https:\/\/www.europesays.com\/fr\/wp-json\/wp\/v2\/media?parent=204709"}],"wp:term":[{"taxonomy":"category","embeddable":true,"href":"https:\/\/www.europesays.com\/fr\/wp-json\/wp\/v2\/categories?post=204709"},{"taxonomy":"post_tag","embeddable":true,"href":"https:\/\/www.europesays.com\/fr\/wp-json\/wp\/v2\/tags?post=204709"}],"curies":[{"name":"wp","href":"https:\/\/api.w.org\/{rel}","templated":true}]}}