{"id":204714,"date":"2025-06-26T02:36:33","date_gmt":"2025-06-26T02:36:33","guid":{"rendered":"https:\/\/www.europesays.com\/fr\/204714\/"},"modified":"2025-06-26T02:36:33","modified_gmt":"2025-06-26T02:36:33","slug":"un-nouveau-vol-de-cables-perturbe-fortement-la-circulation-des-tgv","status":"publish","type":"post","link":"https:\/\/www.europesays.com\/fr\/204714\/","title":{"rendered":"Un (nouveau) vol de c\u00e2bles perturbe fortement la circulation des TGV"},"content":{"rendered":"<p>Ce mercredi matin, la <a href=\"https:\/\/www.20minutes.fr\/dossier\/sncf\" class=\"color-ultramarine c-link\" target=\"_blank\" rel=\"noopener\">SNCF <\/a>a annonc\u00e9 qu\u2019un acte de malveillance impactait fortement la circulation <a href=\"https:\/\/www.20minutes.fr\/dossier\/train\" class=\"color-ultramarine c-link\" target=\"_blank\" rel=\"noopener\">des trains<\/a>, essentiellement les TGV, au d\u00e9part et \u00e0 l\u2019arriv\u00e9e des deux gares de <a href=\"https:\/\/www.20minutes.fr\/lille\/\" class=\"color-ultramarine c-link\" target=\"_blank\" rel=\"noopener\">Lille<\/a>. Des perturbations qui devraient durer toute la journ\u00e9e.<\/p>\n<p>\u00ab\u00a0SNCF R\u00e9seau a \u00e9t\u00e9 victime d\u2019un important acte de malveillance \u00e0 Lille\u00a0\u00bb, a expliqu\u00e9 le transporteur, pr\u00e9cisant que \u00ab\u00a0plus de 600 m\u00e8tres de c\u00e2ble ont \u00e9t\u00e9 vol\u00e9s ou coup\u00e9s au sud de la gare de Lille Europe\u00a0\u00bb.<\/p>\n<p>Les TGV essentiellement impact\u00e9s<\/p>\n<p>Selon la SNCF, ce sont les trains \u00e0 grande vitesse qui sont essentiellement impact\u00e9s, au d\u00e9part et \u00e0 l\u2019arriv\u00e9e des gares de Lille-Flandres et de Lille-Europe. Pour autant, le transporteur ferroviaire n\u2019exclut pas des perturbations sur le r\u00e9seau TER.<\/p>\n<\/p>\n<p>Dans un premier message sur X, la SNCF pr\u00e9voyait des retards et des suppressions de trains \u00ab\u00a0jusqu\u2019en d\u00e9but d\u2019apr\u00e8s-midi\u00a0\u00bb. Mais peu apr\u00e8s 8 heures, le transporteur a revu ses pr\u00e9visions avec un peu moins d\u2019optimisme\u00a0: \u00ab\u00a0apr\u00e8s un diagnostic des \u00e9quipes SNCF R\u00e9seau, la circulation des trains restera perturb\u00e9e dans les deux sens sur l\u2019axe jusqu\u2019en fin d\u2019apr\u00e8s-midi\u00a0\u00bb.<\/p>\n","protected":false},"excerpt":{"rendered":"Ce mercredi matin, la SNCF a annonc\u00e9 qu\u2019un acte de malveillance impactait fortement la circulation des trains, essentiellement&hellip;\n","protected":false},"author":2,"featured_media":204715,"comment_status":"","ping_status":"","sticky":false,"template":"","format":"standard","meta":{"footnotes":""},"categories":[2815],"tags":[1111,11,1777,674,1011,27,811,1307,12,1308,1309,1306,25,2215,2214,926],"class_list":{"0":"post-204714","1":"post","2":"type-post","3":"status-publish","4":"format-standard","5":"has-post-thumbnail","7":"category-lille","8":"tag-actu","9":"tag-actualites","10":"tag-eu","11":"tag-europe","12":"tag-fr","13":"tag-france","14":"tag-hauts-de-france","15":"tag-lille","16":"tag-news","17":"tag-nord","18":"tag-nord-pas-de-calais","19":"tag-regions","20":"tag-republique-francaise","21":"tag-sncf","22":"tag-tgv","23":"tag-train"},"share_on_mastodon":{"url":"https:\/\/pubeurope.com\/@fr\/114747341822485330","error":""},"_links":{"self":[{"href":"https:\/\/www.europesays.com\/fr\/wp-json\/wp\/v2\/posts\/204714","targetHints":{"allow":["GET"]}}],"collection":[{"href":"https:\/\/www.europesays.com\/fr\/wp-json\/wp\/v2\/posts"}],"about":[{"href":"https:\/\/www.europesays.com\/fr\/wp-json\/wp\/v2\/types\/post"}],"author":[{"embeddable":true,"href":"https:\/\/www.europesays.com\/fr\/wp-json\/wp\/v2\/users\/2"}],"replies":[{"embeddable":true,"href":"https:\/\/www.europesays.com\/fr\/wp-json\/wp\/v2\/comments?post=204714"}],"version-history":[{"count":0,"href":"https:\/\/www.europesays.com\/fr\/wp-json\/wp\/v2\/posts\/204714\/revisions"}],"wp:featuredmedia":[{"embeddable":true,"href":"https:\/\/www.europesays.com\/fr\/wp-json\/wp\/v2\/media\/204715"}],"wp:attachment":[{"href":"https:\/\/www.europesays.com\/fr\/wp-json\/wp\/v2\/media?parent=204714"}],"wp:term":[{"taxonomy":"category","embeddable":true,"href":"https:\/\/www.europesays.com\/fr\/wp-json\/wp\/v2\/categories?post=204714"},{"taxonomy":"post_tag","embeddable":true,"href":"https:\/\/www.europesays.com\/fr\/wp-json\/wp\/v2\/tags?post=204714"}],"curies":[{"name":"wp","href":"https:\/\/api.w.org\/{rel}","templated":true}]}}