{"id":204716,"date":"2025-06-26T02:37:12","date_gmt":"2025-06-26T02:37:12","guid":{"rendered":"https:\/\/www.europesays.com\/fr\/204716\/"},"modified":"2025-06-26T02:37:12","modified_gmt":"2025-06-26T02:37:12","slug":"en-quete-de-renforts-offensifs-lille-sinteresse-a-olivier-giroud","status":"publish","type":"post","link":"https:\/\/www.europesays.com\/fr\/204716\/","title":{"rendered":"en qu\u00eate de renforts offensifs, Lille s\u2019int\u00e9resse \u00e0 Olivier Giroud"},"content":{"rendered":"<p>Le meilleur buteur de l\u2019histoire des Bleus est sous contrat avec le Los Angeles FC jusqu\u2019en d\u00e9cembre 2025.<\/p>\n<p class=\"fig-paragraph\">Le Los Angeles FC tr\u00e8s terne des anciens Bleus\u00a0<a href=\"http:\/\/www.lefigaro.fr\/sports\/football\/coupe-du-monde-des-clubs-giroud-et-lloris-n-ont-rien-pu-faire-los-angeles-battu-d-entree-par-chelsea-20250616\" data-fig-type=\"NewsFlash\" data-gtm-custom-categorie=\"navigation\" data-gtm-custom-action=\"crossclick\" data-gtm-custom-label=\"Contextuel\" data-gtm-event=\"customEventSPE\" data-fig-domain=\"LEFIGARO\" target=\"_blank\" rel=\"noopener\">Hugo Lloris<\/a>\u00a0et\u00a0<a href=\"http:\/\/www.lefigaro.fr\/sports\/football\/coupe-du-monde-des-clubs-le-los-angeles-fc-de-lloris-et-giroud-deja-elimine-apres-sa-2e-defaite-20250621\" data-fig-type=\"NewsFlash\" data-gtm-custom-categorie=\"navigation\" data-gtm-custom-action=\"crossclick\" data-gtm-custom-label=\"Contextuel\" data-gtm-event=\"customEventSPE\" data-fig-domain=\"LEFIGARO\" target=\"_blank\" rel=\"noopener\">Olivier\u00a0Giroud<\/a>\u00a0a \u00e9t\u00e9 \u00e9limin\u00e9 vendredi d\u00e8s son deuxi\u00e8me match du Mondial des clubs apr\u00e8s une nouvelle d\u00e9faite, cette fois contre l\u2019Esp\u00e9rance Tunis \u00e0 Nashville (1-0). Olivier\u00a0Giroud a \u00e9t\u00e9 une fois de plus tr\u00e8s discret, lui qui n\u2019a marqu\u00e9 que cinq buts en 34 matches pour sa premi\u00e8re saison dans la cit\u00e9 des Anges. Selon les informations du\u00a0<a href=\"https:\/\/lepetitlillois.com\/2025\/06\/25\/mercato-olivier-giroud-a-la-pointe-de-son-attaque-le-losc-tente-un-coup-a-la-samuel-umtiti\/\" target=\"_blank\" rel=\"nofollow noopener\" data-gtm-custom-categorie=\"navigation\" data-gtm-custom-action=\"crossclick\" data-gtm-custom-label=\"Contextuel\" data-gtm-event=\"customEventSPE\">Petit Lillois<\/a> , l\u2019attaquant de 38 ans int\u00e9resserait Lille, qui a besoin de renforcer son attaque puisqu\u2019il ne compte que Trevis Dago (de retour de pr\u00eat, FC Annecy) et Mohamed Bayo (de retour de pr\u00eat, Royal Antwerp FC) dans ses rangs.<\/p>\n<p class=\"fig-paragraph\">Le meilleur attaquant de l\u2019histoire des Bleus (57\u00a0buts en 137 s\u00e9lections) va-t-il retrouver la Ligue 1 treize ans apr\u00e8s avoir quitt\u00e9 Montpellier\u00a0? Sous contrat jusqu\u2019en d\u00e9cembre 2025 au Los Angeles FC (avec une ann\u00e9e optionnelle), Giroud \u00e9marge \u00e0 3\u00a0millions d\u2019euros par an aux Etats-Unis. Il serait oblig\u00e9 de revoir ses \u00e9moluments \u00e0 la baisse s\u2019il rejojgnait le Losc&#8230;<\/p>\n","protected":false},"excerpt":{"rendered":"Le meilleur buteur de l\u2019histoire des Bleus est sous contrat avec le Los Angeles FC jusqu\u2019en d\u00e9cembre 2025.&hellip;\n","protected":false},"author":2,"featured_media":204717,"comment_status":"","ping_status":"","sticky":false,"template":"","format":"standard","meta":{"footnotes":""},"categories":[2815],"tags":[1111,11,69,2261,1777,674,63,1011,27,811,3309,6201,453,66,446,1307,2267,1434,12,5959,70,25,67,969,10662],"class_list":{"0":"post-204716","1":"post","2":"type-post","3":"status-publish","4":"format-standard","5":"has-post-thumbnail","7":"category-lille","8":"tag-actu","9":"tag-actualites","10":"tag-bundesliga","11":"tag-calcio","12":"tag-eu","13":"tag-europe","14":"tag-football","15":"tag-fr","16":"tag-france","17":"tag-hauts-de-france","18":"tag-l1","19":"tag-l2","20":"tag-liga","21":"tag-ligue-1","22":"tag-ligue-2","23":"tag-lille","24":"tag-losc","25":"tag-mercato","26":"tag-news","27":"tag-olivier-giroud","28":"tag-premier-league","29":"tag-republique-francaise","30":"tag-serie-a","31":"tag-transfert","32":"tag-transferts"},"share_on_mastodon":{"url":"https:\/\/pubeurope.com\/@fr\/114747345955700419","error":""},"_links":{"self":[{"href":"https:\/\/www.europesays.com\/fr\/wp-json\/wp\/v2\/posts\/204716","targetHints":{"allow":["GET"]}}],"collection":[{"href":"https:\/\/www.europesays.com\/fr\/wp-json\/wp\/v2\/posts"}],"about":[{"href":"https:\/\/www.europesays.com\/fr\/wp-json\/wp\/v2\/types\/post"}],"author":[{"embeddable":true,"href":"https:\/\/www.europesays.com\/fr\/wp-json\/wp\/v2\/users\/2"}],"replies":[{"embeddable":true,"href":"https:\/\/www.europesays.com\/fr\/wp-json\/wp\/v2\/comments?post=204716"}],"version-history":[{"count":0,"href":"https:\/\/www.europesays.com\/fr\/wp-json\/wp\/v2\/posts\/204716\/revisions"}],"wp:featuredmedia":[{"embeddable":true,"href":"https:\/\/www.europesays.com\/fr\/wp-json\/wp\/v2\/media\/204717"}],"wp:attachment":[{"href":"https:\/\/www.europesays.com\/fr\/wp-json\/wp\/v2\/media?parent=204716"}],"wp:term":[{"taxonomy":"category","embeddable":true,"href":"https:\/\/www.europesays.com\/fr\/wp-json\/wp\/v2\/categories?post=204716"},{"taxonomy":"post_tag","embeddable":true,"href":"https:\/\/www.europesays.com\/fr\/wp-json\/wp\/v2\/tags?post=204716"}],"curies":[{"name":"wp","href":"https:\/\/api.w.org\/{rel}","templated":true}]}}