{"id":204724,"date":"2025-06-26T02:41:15","date_gmt":"2025-06-26T02:41:15","guid":{"rendered":"https:\/\/www.europesays.com\/fr\/204724\/"},"modified":"2025-06-26T02:41:15","modified_gmt":"2025-06-26T02:41:15","slug":"une-candidate-aux-municipales-2026-veut-retirer-loeuvre-de-bellecour","status":"publish","type":"post","link":"https:\/\/www.europesays.com\/fr\/204724\/","title":{"rendered":"une candidate aux municipales 2026 veut retirer l&rsquo;oeuvre de Bellecour"},"content":{"rendered":"<p>            Par<br \/>\n        <strong><br \/>\n            <a href=\"https:\/\/actu.fr\/auteur\/nicolas-zaugra\" title=\"Consulter tous les articles de Nicolas Zaugra\" target=\"_blank\" rel=\"noopener\">Nicolas Zaugra<\/a><br \/>\n        <\/strong><\/p>\n<p>        Publi\u00e9 le<\/p>\n<p>            25 juin 2025 \u00e0 16h20        <\/p>\n<p>L\u2019\u0153uvre \u00e9ph\u00e9m\u00e8re <a href=\"https:\/\/actu.fr\/auvergne-rhone-alpes\/lyon_69123\/lyon-les-travaux-debutent-place-bellecour-l-oeuvre-se-devoile-une-polemique-gonfle_62554130.html\" target=\"_blank\" rel=\"noopener\">\u00ab\u00a0Tissage urbain\u00a0\u00bb<\/a> install\u00e9e sur la <a href=\"https:\/\/actu.fr\/auvergne-rhone-alpes\/lyon_69123\/lyon-un-saccage-trop-cool-l-oeuvre-de-bellecour-regorge-de-monde-mais-divise-toujours_62706366.html\" target=\"_blank\" rel=\"noopener\">place Bellecour<\/a> de <a href=\"https:\/\/actu.fr\/auvergne-rhone-alpes\/lyon_69123\" target=\"_blank\" rel=\"noopener\">Lyon<\/a> continue de <strong>faire pol\u00e9mique<\/strong> et s\u2019invite dans le d\u00e9bat des \u00e9lections municipales 2026. La candidate <a href=\"https:\/\/actu.fr\/auvergne-rhone-alpes\/lyon_69123\/lyon-tcl-ztl-stationnement-nathalie-perrin-gilbert-devoile-son-programme-pour-2026_62728476.html\" target=\"_blank\" rel=\"noopener\">Nathalie Perrin-Gilbert<\/a> et ex-adjointe au maire en charge de la Culture charge le dispositif ce mercredi 25 juin 2025.<\/p>\n<p class=\" wall-content\">En marge d\u2019une conf\u00e9rence de presse d\u00e9di\u00e9e \u00e0 des propositions de campagne, elle a assur\u00e9 qu\u2019elle comptait mettre fin \u00e0 cette \u0153uvre en cas d\u2019\u00e9lection de la mairie.<\/p>\n<p>\u00ab\u00a0Je suis respectueuse des artistes\u00a0\u00bb<\/p>\n<p class=\" wall-content\">\u00ab\u00a0C\u2019est pas bon, c\u2019est nul (\u2026) ce n\u2019est pas beau\u00a0\u00bb, a-t-elle d\u00e9plor\u00e9 devant les journalistes. \u00ab\u00a0Ce n\u2019est ni fait, ni \u00e0 faire\u00a0\u00bb, attaque la candidate \u00e0 la mairie de Lyon. Elle a assur\u00e9 qu\u2019elle retirerait de la place cette \u0153uvre \u00e9ph\u00e9m\u00e8re cens\u00e9e faire de l\u2019ombre au milieu de l\u2019immense place du 2e arrondissement.\u00a0<\/p>\n<p class=\" wall-content\">\u00ab\u00a0Je suis respectueuse des artistes, je ne sais pas ce qui a \u00e9t\u00e9 contractualis\u00e9 avec eux\u00a0\u00bb, a ensuite nuanc\u00e9 la conseill\u00e8re municipale. \u00ab\u00a0C\u2019est rat\u00e9\u00a0\u00bb, a-t-elle dit \u00e0 propos du projet \u00ab\u00a0mais c\u2019est la commande politique \u00e0 laquelle ont r\u00e9pondu les artistes qui a \u00e9t\u00e9 mauvaise\u00a0\u00bb.<\/p>\n<p>\u00ab\u00a0\u00c7a restera peut-\u00eatre un \u00e9t\u00e9 de plus\u2026\u00a0\u00bb<\/p>\n<p class=\" wall-content\">La candidate de gauche aux municipales a l\u00e2ch\u00e9 : \u00ab\u00a0\u00e7a restera peut-\u00eatre un \u00e9t\u00e9 de plus\u00a0\u00bb \u00e0 propos des immenses tissages tendus au-dessus de la place.<\/p>\n<p class=\" wall-content\">\u00ab\u00a0Cette commande publique n\u2019aurait pas d\u00fb exister\u00a0\u00bb, a critiqu\u00e9 l\u2019ex-adjointe du maire Gr\u00e9gory Doucet. Pour elle, ce 1,6 million d\u2019euros aurait pu servir au budget de v\u00e9g\u00e9talisation ou \u00e0 la culture.\u00a0<\/p>\n<p class=\" wall-content\">Suivez toute l\u2019actualit\u00e9 de vos villes et m\u00e9dias favoris en vous inscrivant \u00e0 <a href=\"https:\/\/moncompte.actu.fr\" title=\"D\u00e9couvez Mon Actu\" rel=\"nofollow noopener\" data-trk=\"{&quot;cta&quot;:{&quot;action&quot;:&quot;https:\\\/\\\/moncompte.actu.fr&quot;,&quot;category&quot;:&quot;mon compte&quot;,&quot;from&quot;:&quot;article footer&quot;,&quot;name&quot;:&quot;Mon actu&quot;,&quot;type&quot;:&quot;cta&quot;}}\" target=\"_blank\">Mon Actu<\/a>.<\/p>\n<ul class=\"ac-article-tag wall-content\">\n<li><a href=\"https:\/\/actu.fr\/tag\/bellecour\" data-trk=\"{&quot;cta&quot;:{&quot;action&quot;:&quot;Bellecour&quot;,&quot;category&quot;:&quot;tag&quot;,&quot;from&quot;:&quot;article footer&quot;,&quot;name&quot;:&quot;Bellecour&quot;,&quot;type&quot;:&quot;cta&quot;}}\" target=\"_blank\" rel=\"noopener\">#Bellecour<\/a><\/li>\n<li><a href=\"https:\/\/actu.fr\/tag\/municipales-2026\" data-trk=\"{&quot;cta&quot;:{&quot;action&quot;:&quot;Municipales 2026&quot;,&quot;category&quot;:&quot;tag&quot;,&quot;from&quot;:&quot;article footer&quot;,&quot;name&quot;:&quot;Municipales 2026&quot;,&quot;type&quot;:&quot;cta&quot;}}\" target=\"_blank\" rel=\"noopener\">#Municipales 2026<\/a><\/li>\n<\/ul>\n","protected":false},"excerpt":{"rendered":"Par Nicolas Zaugra Publi\u00e9 le 25 juin 2025 \u00e0 16h20 L\u2019\u0153uvre \u00e9ph\u00e9m\u00e8re \u00ab\u00a0Tissage urbain\u00a0\u00bb install\u00e9e sur la place&hellip;\n","protected":false},"author":2,"featured_media":204725,"comment_status":"","ping_status":"","sticky":false,"template":"","format":"standard","meta":{"footnotes":""},"categories":[1889],"tags":[1111,11,2430,5272,4188,1777,674,1011,27,2428,3434,12,316,25],"class_list":{"0":"post-204724","1":"post","2":"type-post","3":"status-publish","4":"format-standard","5":"has-post-thumbnail","7":"category-lyon","8":"tag-actu","9":"tag-actualites","10":"tag-auvergne-rhone-alpes","11":"tag-bellecour","12":"tag-elections-municipales","13":"tag-eu","14":"tag-europe","15":"tag-fr","16":"tag-france","17":"tag-lyon","18":"tag-municipales-2026","19":"tag-news","20":"tag-politique","21":"tag-republique-francaise"},"share_on_mastodon":{"url":"https:\/\/pubeurope.com\/@fr\/114747361772985483","error":""},"_links":{"self":[{"href":"https:\/\/www.europesays.com\/fr\/wp-json\/wp\/v2\/posts\/204724","targetHints":{"allow":["GET"]}}],"collection":[{"href":"https:\/\/www.europesays.com\/fr\/wp-json\/wp\/v2\/posts"}],"about":[{"href":"https:\/\/www.europesays.com\/fr\/wp-json\/wp\/v2\/types\/post"}],"author":[{"embeddable":true,"href":"https:\/\/www.europesays.com\/fr\/wp-json\/wp\/v2\/users\/2"}],"replies":[{"embeddable":true,"href":"https:\/\/www.europesays.com\/fr\/wp-json\/wp\/v2\/comments?post=204724"}],"version-history":[{"count":0,"href":"https:\/\/www.europesays.com\/fr\/wp-json\/wp\/v2\/posts\/204724\/revisions"}],"wp:featuredmedia":[{"embeddable":true,"href":"https:\/\/www.europesays.com\/fr\/wp-json\/wp\/v2\/media\/204725"}],"wp:attachment":[{"href":"https:\/\/www.europesays.com\/fr\/wp-json\/wp\/v2\/media?parent=204724"}],"wp:term":[{"taxonomy":"category","embeddable":true,"href":"https:\/\/www.europesays.com\/fr\/wp-json\/wp\/v2\/categories?post=204724"},{"taxonomy":"post_tag","embeddable":true,"href":"https:\/\/www.europesays.com\/fr\/wp-json\/wp\/v2\/tags?post=204724"}],"curies":[{"name":"wp","href":"https:\/\/api.w.org\/{rel}","templated":true}]}}