{"id":204728,"date":"2025-06-26T02:43:12","date_gmt":"2025-06-26T02:43:12","guid":{"rendered":"https:\/\/www.europesays.com\/fr\/204728\/"},"modified":"2025-06-26T02:43:12","modified_gmt":"2025-06-26T02:43:12","slug":"retards-et-annulations-a-laeroport-de-paris-orly-ce-mercredi","status":"publish","type":"post","link":"https:\/\/www.europesays.com\/fr\/204728\/","title":{"rendered":"retards et annulations \u00e0 l&rsquo;a\u00e9roport de Paris Orly ce mercredi"},"content":{"rendered":"<p>\t\t\t\t\t La SNCF suspend aussi la circulation des trains ce mercredi soir entre Paris et la Normandie d\u00e8s 21h \u00e0 cause des orages.<\/p>\n<p>Le trafic sera suspendu \u00e9galement en Auvergne-Rh\u00f4ne-Alpes, en Bourgogne-Franche-Comt\u00e9, et en Centre-Val de Loire, pr\u00e9cise TF1 sur son site. Les suspensions et perturbations concerneront aussi certaines lignes du Transilien en Ile-de-France.\n\t\t\t\t <\/p>\n","protected":false},"excerpt":{"rendered":"La SNCF suspend aussi la circulation des trains ce mercredi soir entre Paris et la Normandie d\u00e8s 21h&hellip;\n","protected":false},"author":2,"featured_media":204729,"comment_status":"","ping_status":"","sticky":false,"template":"","format":"standard","meta":{"footnotes":""},"categories":[1592],"tags":[1111,11,6421,2408,2105,1777,674,1011,27,662,6417,4662,3754,12,626,6422,25,6419,6420,602,6418],"class_list":{"0":"post-204728","1":"post","2":"type-post","3":"status-publish","4":"format-standard","5":"has-post-thumbnail","7":"category-ile-de-france","8":"tag-actu","9":"tag-actualites","10":"tag-agences-de-voyage","11":"tag-appels-d","12":"tag-distribution","13":"tag-eu","14":"tag-europe","15":"tag-fr","16":"tag-france","17":"tag-ile-de-france","18":"tag-information","19":"tag-journal","20":"tag-media","21":"tag-news","22":"tag-paris","23":"tag-place-de-marche","24":"tag-republique-francaise","25":"tag-tour-operateurs","26":"tag-tour-operators","27":"tag-tourisme","28":"tag-voyagistes"},"share_on_mastodon":{"url":"https:\/\/pubeurope.com\/@fr\/114747369342138129","error":""},"_links":{"self":[{"href":"https:\/\/www.europesays.com\/fr\/wp-json\/wp\/v2\/posts\/204728","targetHints":{"allow":["GET"]}}],"collection":[{"href":"https:\/\/www.europesays.com\/fr\/wp-json\/wp\/v2\/posts"}],"about":[{"href":"https:\/\/www.europesays.com\/fr\/wp-json\/wp\/v2\/types\/post"}],"author":[{"embeddable":true,"href":"https:\/\/www.europesays.com\/fr\/wp-json\/wp\/v2\/users\/2"}],"replies":[{"embeddable":true,"href":"https:\/\/www.europesays.com\/fr\/wp-json\/wp\/v2\/comments?post=204728"}],"version-history":[{"count":0,"href":"https:\/\/www.europesays.com\/fr\/wp-json\/wp\/v2\/posts\/204728\/revisions"}],"wp:featuredmedia":[{"embeddable":true,"href":"https:\/\/www.europesays.com\/fr\/wp-json\/wp\/v2\/media\/204729"}],"wp:attachment":[{"href":"https:\/\/www.europesays.com\/fr\/wp-json\/wp\/v2\/media?parent=204728"}],"wp:term":[{"taxonomy":"category","embeddable":true,"href":"https:\/\/www.europesays.com\/fr\/wp-json\/wp\/v2\/categories?post=204728"},{"taxonomy":"post_tag","embeddable":true,"href":"https:\/\/www.europesays.com\/fr\/wp-json\/wp\/v2\/tags?post=204728"}],"curies":[{"name":"wp","href":"https:\/\/api.w.org\/{rel}","templated":true}]}}