{"id":204740,"date":"2025-06-26T02:49:10","date_gmt":"2025-06-26T02:49:10","guid":{"rendered":"https:\/\/www.europesays.com\/fr\/204740\/"},"modified":"2025-06-26T02:49:10","modified_gmt":"2025-06-26T02:49:10","slug":"la-ketamine-utilisee-pour-soigner-les-maux-physiques-et-psychiques-des-veterans","status":"publish","type":"post","link":"https:\/\/www.europesays.com\/fr\/204740\/","title":{"rendered":"la k\u00e9tamine utilis\u00e9e pour soigner les maux physiques et psychiques des v\u00e9t\u00e9rans"},"content":{"rendered":"<p>En Ukraine, on compte plus de 1,2 million de v\u00e9t\u00e9rans, des hommes et femmes revenus du front et souvent qui ne sont pas indemnes, physiquement ou psychologiquement. Face aux besoins croissants en mati\u00e8re de th\u00e9rapie, le pays d\u00e9veloppe, autant que possible, les m\u00e9thodes pouvant all\u00e9ger les souffrances de ceux qui ont vu le pire. L&rsquo;une des th\u00e9rapies exp\u00e9rimentales mises en \u0153uvre est celle de l&rsquo;utilisation m\u00e9dicale de la k\u00e9tamine.<\/p>\n<p>Avec notre correspondante \u00e0 Kiev, <strong>Emmanuelle Chaze<\/strong><\/p>\n<p>Le docteur Matrenitsky est \u00e0 la t\u00eate de l&rsquo;une des quatre cliniques \u00e0 exp\u00e9rimenter la th\u00e9rapie par la k\u00e9tamine \u00e0 travers l&rsquo;<strong><a href=\"https:\/\/www.rfi.fr\/fr\/tag\/ukraine\/\" class=\"link \" rel=\"nofollow noopener\" target=\"_blank\" data-ylk=\"slk:Ukraine;elm:context_link;itc:0;sec:content-canvas\">Ukraine<\/a><\/strong>. Souvent confront\u00e9 aux pr\u00e9jug\u00e9s face \u00e0 l&rsquo;utilisation de psych\u00e9d\u00e9liques \u00e0 des fins th\u00e9rapeutiques, il en explique les vertus, notamment pour les v\u00e9t\u00e9rans.<\/p>\n<p>\u00ab D&rsquo;un c\u00f4t\u00e9, ils ne veulent pas parler de leurs traumatismes, ils disent \u201cje suis un combattant, je dois tenir bon\u201d, et ils ne veulent pas croire que la th\u00e9rapie peut les aider. Mais un \u00e9tat de conscience modifi\u00e9 peut att\u00e9nuer ces id\u00e9es, et la personne peut s&rsquo;exprimer ouvertement, accepter une psychoth\u00e9rapie&#8230; \u00bb, indique le docteur Matrenitsky.<\/p>\n<p>\u00ab C&rsquo;est comme faire une th\u00e9rapie avec soi-m\u00eame \u00bb<\/p>\n<p>Olesya, une v\u00e9t\u00e9rane revenue du front avec un syndrome post-traumatique, s&rsquo;est tourn\u00e9e vers la th\u00e9rapie par la k\u00e9tamine apr\u00e8s avoir justement tent\u00e9 sans succ\u00e8s de soigner sa d\u00e9pression par la psychoth\u00e9rapie.<\/p>\n<p><a href=\"https:\/\/www.rfi.fr\/fr\/europe\/20250625-ukraine-la-k%C3%A9tamine-utilis%C3%A9e-pour-soigner-les-maux-physiques-et-psychiques-des-v%C3%A9t%C3%A9rans\" rel=\"nofollow noopener\" target=\"_blank\" data-ylk=\"slk:Lire la suite sur RFI;elm:context_link;itc:0;sec:content-canvas\" class=\"link \">Lire la suite sur RFI<\/a><\/p>\n","protected":false},"excerpt":{"rendered":"En Ukraine, on compte plus de 1,2 million de v\u00e9t\u00e9rans, des hommes et femmes revenus du front et&hellip;\n","protected":false},"author":2,"featured_media":204741,"comment_status":"","ping_status":"","sticky":false,"template":"","format":"standard","meta":{"footnotes":""},"categories":[1590],"tags":[11,1777,674,34368,34366,34367,12,220,34365],"class_list":{"0":"post-204740","1":"post","2":"type-post","3":"status-publish","4":"format-standard","5":"has-post-thumbnail","7":"category-ukraine","8":"tag-actualites","9":"tag-eu","10":"tag-europe","11":"tag-ketamine","12":"tag-la-therapie","13":"tag-les-vertus","14":"tag-news","15":"tag-ukraine","16":"tag-veterans"},"share_on_mastodon":{"url":"","error":""},"_links":{"self":[{"href":"https:\/\/www.europesays.com\/fr\/wp-json\/wp\/v2\/posts\/204740","targetHints":{"allow":["GET"]}}],"collection":[{"href":"https:\/\/www.europesays.com\/fr\/wp-json\/wp\/v2\/posts"}],"about":[{"href":"https:\/\/www.europesays.com\/fr\/wp-json\/wp\/v2\/types\/post"}],"author":[{"embeddable":true,"href":"https:\/\/www.europesays.com\/fr\/wp-json\/wp\/v2\/users\/2"}],"replies":[{"embeddable":true,"href":"https:\/\/www.europesays.com\/fr\/wp-json\/wp\/v2\/comments?post=204740"}],"version-history":[{"count":0,"href":"https:\/\/www.europesays.com\/fr\/wp-json\/wp\/v2\/posts\/204740\/revisions"}],"wp:featuredmedia":[{"embeddable":true,"href":"https:\/\/www.europesays.com\/fr\/wp-json\/wp\/v2\/media\/204741"}],"wp:attachment":[{"href":"https:\/\/www.europesays.com\/fr\/wp-json\/wp\/v2\/media?parent=204740"}],"wp:term":[{"taxonomy":"category","embeddable":true,"href":"https:\/\/www.europesays.com\/fr\/wp-json\/wp\/v2\/categories?post=204740"},{"taxonomy":"post_tag","embeddable":true,"href":"https:\/\/www.europesays.com\/fr\/wp-json\/wp\/v2\/tags?post=204740"}],"curies":[{"name":"wp","href":"https:\/\/api.w.org\/{rel}","templated":true}]}}