{"id":204746,"date":"2025-06-26T02:52:09","date_gmt":"2025-06-26T02:52:09","guid":{"rendered":"https:\/\/www.europesays.com\/fr\/204746\/"},"modified":"2025-06-26T02:52:09","modified_gmt":"2025-06-26T02:52:09","slug":"premier-contrat-pro-de-rayan-zidane","status":"publish","type":"post","link":"https:\/\/www.europesays.com\/fr\/204746\/","title":{"rendered":"Premier contrat pro de Rayan Zidane !"},"content":{"rendered":"<p><strong\/><\/p>\n<p><strong>Le milieu de terrain alg\u00e9rien Rayan Zidane vient de<br \/>\nsigner son premier contrat pro avec le Bayer<br \/>\nLeverkusen.<\/strong><\/p>\n<p>Le joueur qui vient de boucler ses <strong>16 ans<\/strong> et<br \/>\nqui jouait jusque l\u00e0 avec les <strong>U17 du Bayer<\/strong>, a donc<br \/>\nsign\u00e9 d\u00e9j\u00e0 son premier contrat professionnel.<\/p>\n<p>Alors qu\u00a0\u00bbil \u00e9t\u00e9 int\u00e9gr\u00e9 aux U17 du Beyer Levekusen en janvier<br \/>\nseulement et qu&rsquo;il n&rsquo;a disput\u00e9 que quatre matchs avec eux,<br \/>\n<strong>le club lui a propos\u00e9 un premier contrat de trois ans,<br \/>\njusqu&rsquo;en juin 2028.<\/strong><\/p>\n<p>Le natif de Dusseldorf a r\u00e9cemment appel\u00e9 avec la s\u00e9lection U17<br \/>\nd&rsquo;Alg\u00e9rie.<\/p>\n<blockquote class=\"instagram-media\" style=\"background: #ffffff;border: 0;margin: 1px;width: 100%;padding: 0;\" data-instgrm-permalink=\"https:\/\/www.instagram.com\/p\/DLUlTwCoN2y\/?igsh=MTZ1amJrYmpmd2U1Mw==\" data-instgrm-version=\"14\"\/>\n<p style=\"text-align: right;\">DZfoot<\/p>\n<p><script async src=\"\/\/www.instagram.com\/embed.js\"><\/script><\/p>\n","protected":false},"excerpt":{"rendered":"Le milieu de terrain alg\u00e9rien Rayan Zidane vient de signer son premier contrat pro avec le Bayer Leverkusen.&hellip;\n","protected":false},"author":2,"featured_media":204747,"comment_status":"","ping_status":"","sticky":false,"template":"","format":"standard","meta":{"footnotes":""},"categories":[1587],"tags":[11,672,1804,1805,1803,1777,674,1801,12,1802],"class_list":{"0":"post-204746","1":"post","2":"type-post","3":"status-publish","4":"format-standard","5":"has-post-thumbnail","7":"category-allemagne","8":"tag-actualites","9":"tag-allemagne","10":"tag-bundesrepublik-deutschland","11":"tag-de","12":"tag-deutschland","13":"tag-eu","14":"tag-europe","15":"tag-germany","16":"tag-news","17":"tag-republique-federale-dallemagne"},"share_on_mastodon":{"url":"https:\/\/pubeurope.com\/@fr\/114747404727013244","error":""},"_links":{"self":[{"href":"https:\/\/www.europesays.com\/fr\/wp-json\/wp\/v2\/posts\/204746","targetHints":{"allow":["GET"]}}],"collection":[{"href":"https:\/\/www.europesays.com\/fr\/wp-json\/wp\/v2\/posts"}],"about":[{"href":"https:\/\/www.europesays.com\/fr\/wp-json\/wp\/v2\/types\/post"}],"author":[{"embeddable":true,"href":"https:\/\/www.europesays.com\/fr\/wp-json\/wp\/v2\/users\/2"}],"replies":[{"embeddable":true,"href":"https:\/\/www.europesays.com\/fr\/wp-json\/wp\/v2\/comments?post=204746"}],"version-history":[{"count":0,"href":"https:\/\/www.europesays.com\/fr\/wp-json\/wp\/v2\/posts\/204746\/revisions"}],"wp:featuredmedia":[{"embeddable":true,"href":"https:\/\/www.europesays.com\/fr\/wp-json\/wp\/v2\/media\/204747"}],"wp:attachment":[{"href":"https:\/\/www.europesays.com\/fr\/wp-json\/wp\/v2\/media?parent=204746"}],"wp:term":[{"taxonomy":"category","embeddable":true,"href":"https:\/\/www.europesays.com\/fr\/wp-json\/wp\/v2\/categories?post=204746"},{"taxonomy":"post_tag","embeddable":true,"href":"https:\/\/www.europesays.com\/fr\/wp-json\/wp\/v2\/tags?post=204746"}],"curies":[{"name":"wp","href":"https:\/\/api.w.org\/{rel}","templated":true}]}}