{"id":204758,"date":"2025-06-26T03:00:21","date_gmt":"2025-06-26T03:00:21","guid":{"rendered":"https:\/\/www.europesays.com\/fr\/204758\/"},"modified":"2025-06-26T03:00:21","modified_gmt":"2025-06-26T03:00:21","slug":"super-xiii-eloi-pelissier-poursuit-son-aventure-en-super-xiii-rugby-a-xiii","status":"publish","type":"post","link":"https:\/\/www.europesays.com\/fr\/204758\/","title":{"rendered":"Super XIII &#8211; Eloi Pelissier poursuit son aventure en Super XIII &#8211; Rugby \u00e0 XIII"},"content":{"rendered":"<p style=\"text-align: justify;\"><strong>Le club des Baroudeurs de Pia vient de signer la prolongation de son talonneur Eloi Pelissier pour la saison 2025-2026 de Super XIII.<\/strong> <\/p>\n<p style=\"text-align: justify;\">\u00ab\u00a0Le Dog\u00a0\u00bb n\u2019en a pas encore fini du rugby \u00e0 XIII. Frais comme dans ses folles ann\u00e9es, l\u2019ancien talonneur des Dragons Catalans et du Toulouse Olympique a toujours du feu dans les jambes.<\/p>\n<p style=\"text-align: justify;\">Arriv\u00e9 dans la Salanque au mois de janvier apr\u00e8s s\u2019\u00eatre remis d\u2019une petite blessure, le natif d\u2019Ansignan dans le Fenouill\u00e8des a rapidement fait sensation en Super XIII. Venu combler un paquet d\u2019avant pianenc d\u00e9j\u00e0 tr\u00e8s solide, le talon catalan a marqu\u00e9 4 essais pour 8 feuilles de match, menant les siens jusqu\u2019en barrage de Super XIII.<\/p>\n<p>De retour \u00e0 l\u2019automne<\/p>\n<p style=\"text-align: justify;\">Exil\u00e9 \u00e0 l\u2019aube de l\u2019\u00e9t\u00e9 en Angleterre du c\u00f4t\u00e9 d\u2019Oldham, o\u00f9 il a rejoint Josh Drinkwater, lui aussi ancien Dragon, et Mathieu Pons, autre pensionnaire du Super XIII avec Saint-Gaudens, Eloi Pelissier terminera la saison en Championship avant de retrouver le Stade Daniel Ambert en novembre.<\/p>\n<p style=\"text-align: justify;\">Une plus-value \u00e9norme pour le club de Jean-Bruno Balent qui s\u2019affaire \u00e0 maintenir la continuit\u00e9 au sein de son effectif. Leader n\u00e9, tant par la parole que par l\u2019enthousiasme et l\u2019\u00e9nergie qu\u2019il met sur le terrain, nul doute qu\u2019Eloi saura, cette ann\u00e9e encore, pousser le groupe pianenc \u00e0 accomplir de grandes choses.<\/p>\n<blockquote class=\"instagram-media\" data-instgrm-captioned=\"\" data-instgrm-permalink=\"https:\/\/www.instagram.com\/p\/DLR4ge0ovtg\/?utm_source=ig_embed&amp;utm_campaign=loading\" data-instgrm-version=\"14\" style=\" background:#FFF; border:0; border-radius:3px; box-shadow:0 0 1px 0 rgba(0,0,0,0.5),0 1px 10px 0 rgba(0,0,0,0.15); margin: 1px; max-width:500px; min-width:326px; padding:0; width:99.375%; width:-webkit-calc(100% - 2px); width:calc(100% - 2px);\">\n<\/blockquote>\n<p>        <script async src=\"\/\/www.instagram.com\/embed.js\"><\/script><\/p>\n","protected":false},"excerpt":{"rendered":"Le club des Baroudeurs de Pia vient de signer la prolongation de son talonneur Eloi Pelissier pour la&hellip;\n","protected":false},"author":2,"featured_media":84955,"comment_status":"","ping_status":"","sticky":false,"template":"","format":"standard","meta":{"footnotes":""},"categories":[1416],"tags":[34371,1011,27,34372,16661,479,2228,1468,2229,60,2231],"class_list":{"0":"post-204758","1":"post","2":"type-post","3":"status-publish","4":"format-standard","5":"has-post-thumbnail","7":"category-rugby","8":"tag-eloi-pelissier","9":"tag-fr","10":"tag-france","11":"tag-oldham-roughyeds","12":"tag-pia","13":"tag-rugby","14":"tag-rugby-a-xiii","15":"tag-rugby-football","16":"tag-rugby-league","17":"tag-sports","18":"tag-super-xiii"},"share_on_mastodon":{"url":"https:\/\/pubeurope.com\/@fr\/114747436219788548","error":""},"_links":{"self":[{"href":"https:\/\/www.europesays.com\/fr\/wp-json\/wp\/v2\/posts\/204758","targetHints":{"allow":["GET"]}}],"collection":[{"href":"https:\/\/www.europesays.com\/fr\/wp-json\/wp\/v2\/posts"}],"about":[{"href":"https:\/\/www.europesays.com\/fr\/wp-json\/wp\/v2\/types\/post"}],"author":[{"embeddable":true,"href":"https:\/\/www.europesays.com\/fr\/wp-json\/wp\/v2\/users\/2"}],"replies":[{"embeddable":true,"href":"https:\/\/www.europesays.com\/fr\/wp-json\/wp\/v2\/comments?post=204758"}],"version-history":[{"count":0,"href":"https:\/\/www.europesays.com\/fr\/wp-json\/wp\/v2\/posts\/204758\/revisions"}],"wp:featuredmedia":[{"embeddable":true,"href":"https:\/\/www.europesays.com\/fr\/wp-json\/wp\/v2\/media\/84955"}],"wp:attachment":[{"href":"https:\/\/www.europesays.com\/fr\/wp-json\/wp\/v2\/media?parent=204758"}],"wp:term":[{"taxonomy":"category","embeddable":true,"href":"https:\/\/www.europesays.com\/fr\/wp-json\/wp\/v2\/categories?post=204758"},{"taxonomy":"post_tag","embeddable":true,"href":"https:\/\/www.europesays.com\/fr\/wp-json\/wp\/v2\/tags?post=204758"}],"curies":[{"name":"wp","href":"https:\/\/api.w.org\/{rel}","templated":true}]}}