{"id":204769,"date":"2025-06-26T03:08:13","date_gmt":"2025-06-26T03:08:13","guid":{"rendered":"https:\/\/www.europesays.com\/fr\/204769\/"},"modified":"2025-06-26T03:08:13","modified_gmt":"2025-06-26T03:08:13","slug":"le-berger-des-coux-premier-geant-de-bois-de-la-vallee-de-lyon","status":"publish","type":"post","link":"https:\/\/www.europesays.com\/fr\/204769\/","title":{"rendered":"Le Berger des Coux, premier g\u00e9ant de bois de la Vall\u00e9e de l&rsquo;Yon"},"content":{"rendered":"<p>            Par<br \/>\n        <strong><br \/>\n            <a href=\"https:\/\/actu.fr\/auteur\/lucile-akrich\" title=\"Consulter tous les articles de Lucile Akrich\" rel=\"nofollow noopener\" target=\"_blank\">Lucile Akrich<\/a><br \/>\n        <\/strong><\/p>\n<p>        Publi\u00e9 le<\/p>\n<p>            24 juin 2025 \u00e0 18h46        <\/p>\n<p>Plant\u00e9 sur le gigantesque site des Coux, derri\u00e8re le Centre v\u00e9lo et le club La Roche Vend\u00e9e cyclisme (RVC), <b>le Berger des Coux domine le paysage post-industriel<\/b> qui s\u2019\u00e9tale \u00e0 ses pieds.<\/p>\n<p class=\" wall-content\">Cette <a href=\"https:\/\/actu.fr\/pays-de-la-loire\/la-roche-sur-yon_85191\/un-premier-geant-de-bois-va-prendre-racine-cet-ete-dans-cette-vallee-de-vendee_62389437.html\" rel=\"nofollow noopener\" target=\"_blank\">sculpture monumentale<\/a>, command\u00e9e par l\u2019Agglom\u00e9ration de <a href=\"https:\/\/actu.fr\/pays-de-la-loire\/la-roche-sur-yon_85191\" rel=\"nofollow noopener\" target=\"_blank\">La Roche-sur-Yon<\/a> et imagin\u00e9e par le collectif nantais MONsTR, a \u00e9t\u00e9 officiellement inaugur\u00e9e vendredi 20 juin 2025, lors d\u2019une soir\u00e9e festive qui n\u2019a pas attir\u00e9 grand monde, sous la chaleur \u00e9crasante du d\u00e9but de l\u2019\u00e9t\u00e9.<\/p>\n<p class=\" wall-content\">Une cinquantaine de personnes \u2013 dont beaucoup d\u2019\u00e9lus de la majorit\u00e9 municipale \u2013 ont profit\u00e9 des animations, de la musique, du banquet et des discours.<\/p>\n<p>Des nichoirs pour les oiseaux<\/p>\n<p class=\" wall-content\">\u00ab On a voulu embarquer la population yonnaise dans ce projet \u00bb, explique <a href=\"https:\/\/actu.fr\/pays-de-la-loire\/la-roche-sur-yon_85191\/tourisme-en-vendee-la-roche-sur-yon-une-pepite-a-tailler-avec-les-acteurs-du-territoire_60900045.html\" rel=\"nofollow noopener\" target=\"_blank\">Fr\u00e9d\u00e9ric Paul<\/a>, le directeur de l\u2019office de tourisme.<\/p>\n<blockquote class=\"ac-article-quote wall-content\">\n<p>Dix \u00e9coles ont particip\u00e9 \u00e0 la fabrication des nichoirs, sur les temps p\u00e9riscolaires. Il y a eu aussi un chantier sur les m\u00e9tiers du bois avec des publics \u00e9loign\u00e9s de l\u2019emploi, issus du quartier de la Vigne-aux-Roses.\u00a0<\/p>\n<p>Fr\u00e9d\u00e9ric Paul, le directeur de l\u2019office de tourisme<\/p><\/blockquote>\n<p class=\" wall-content\">Ainsi, <b>des abris pour les hirondelles et les passereaux <\/b>sont int\u00e9gr\u00e9s dans le manteau du Berger des Coux au regard de verre.<\/p>\n<p>Vid\u00e9os : en ce moment sur Actu<\/p>\n<p class=\" wall-content\">Pour le moment, l\u2019ancien site de l\u2019usine Naullet, une centrale \u00e0 b\u00e9ton qui \u00e9tait implant\u00e9 le long de la route de Lu\u00e7on, est encore bien vide.<\/p>\n<p class=\" wall-content\"><b>La collectivit\u00e9 souhaite r\u00e9cup\u00e9rer l\u2019ensemble des 30 hectares <\/b>de la zone naturelle pour am\u00e9nager, \u00e0 terme, <b>un minigolf et un parc de loisirs de plein air,<\/b> non loin de la carri\u00e8re des Coux (aujourd\u2019hui interdite au public).<\/p>\n<p>Un cheminement doux de 52\u00a0km<\/p>\n<p class=\" wall-content\">Ce g\u00e9ant marque la premi\u00e8re pierre d\u2019<a href=\"https:\/\/actu.fr\/societe\/schema-des-vallees-bientot-un-parcours-touristique-le-long-de-l-yon-aux-alentours-de-la-roche-sur-yon_39440812.html\" rel=\"nofollow noopener\" target=\"_blank\">un projet touristique<\/a> men\u00e9 par Destination La Roche-sur-Yon, l\u2019office de tourisme.<\/p>\n<blockquote class=\"ac-article-quote wall-content\">\n<p>Le projet consiste \u00e0 tracer un cheminement doux (pi\u00e9ton, v\u00e9lo, PMR) le long de la Vall\u00e9e de l\u2019Yon, sur 52 kilom\u00e8tres, depuis le Chaos de Piquet jusqu\u2019\u00e0 Dompierre-sur-Yon.<\/p>\n<p>Luc Bouard, le pr\u00e9sident de l\u2019agglom\u00e9ration<\/p><\/blockquote>\n<p class=\" wall-content\">\u00ab C\u2019est un projet sur quinze ans \u00bb, pr\u00e9cise-t-il.<\/p>\n<p class=\" wall-content\">L\u2019objectif de l\u2019agglo est de cr\u00e9er \u00ab un parcours artistique en pleine nature \u00bb, pour d\u00e9velopper, \u00e0 terme, le \u00ab slow \u00bb tourisme.<\/p>\n<p class=\" wall-content\">Un tourisme vert, de plus en plus pris\u00e9 par les estivants, pour d\u00e9velopper l\u2019attractivit\u00e9 du territoire.<\/p>\n<p class=\" wall-content\">\u00ab Ce projet vise \u00e0 r\u00e9v\u00e9ler les richesses naturelles paysag\u00e8res et culturelles de la vall\u00e9e \u00e0 travers une narration originale et immersive \u00bb, indique-t-on \u00e0 l\u2019office de tourisme.<\/p>\n<p class=\" wall-content\">\u00c0 terme, d\u2019autres g\u00e9ants de bois jalonneront le parcours.<\/p>\n<p class=\" wall-content\">Suivez toute l\u2019actualit\u00e9 de vos villes et m\u00e9dias favoris en vous inscrivant \u00e0 <a href=\"https:\/\/moncompte.actu.fr\" title=\"D\u00e9couvez Mon Actu\" rel=\"nofollow noopener\" data-trk=\"{&quot;cta&quot;:{&quot;action&quot;:&quot;https:\\\/\\\/moncompte.actu.fr&quot;,&quot;category&quot;:&quot;mon compte&quot;,&quot;from&quot;:&quot;article footer&quot;,&quot;name&quot;:&quot;Mon actu&quot;,&quot;type&quot;:&quot;cta&quot;}}\" target=\"_blank\">Mon Actu<\/a>.<\/p>\n","protected":false},"excerpt":{"rendered":"Par Lucile Akrich Publi\u00e9 le 24 juin 2025 \u00e0 18h46 Plant\u00e9 sur le gigantesque site des Coux, derri\u00e8re&hellip;\n","protected":false},"author":2,"featured_media":204770,"comment_status":"","ping_status":"","sticky":false,"template":"","format":"standard","meta":{"footnotes":""},"categories":[1358],"tags":[1348,1384,1385,1386,58,59,1011,27,104,602],"class_list":{"0":"post-204769","1":"post","2":"type-post","3":"status-publish","4":"format-standard","5":"has-post-thumbnail","7":"category-arts-et-design","8":"tag-arts","9":"tag-arts-and-design","10":"tag-arts-et-design","11":"tag-design","12":"tag-divertissement","13":"tag-entertainment","14":"tag-fr","15":"tag-france","16":"tag-societe","17":"tag-tourisme"},"share_on_mastodon":{"url":"https:\/\/pubeurope.com\/@fr\/114747468231057242","error":""},"_links":{"self":[{"href":"https:\/\/www.europesays.com\/fr\/wp-json\/wp\/v2\/posts\/204769","targetHints":{"allow":["GET"]}}],"collection":[{"href":"https:\/\/www.europesays.com\/fr\/wp-json\/wp\/v2\/posts"}],"about":[{"href":"https:\/\/www.europesays.com\/fr\/wp-json\/wp\/v2\/types\/post"}],"author":[{"embeddable":true,"href":"https:\/\/www.europesays.com\/fr\/wp-json\/wp\/v2\/users\/2"}],"replies":[{"embeddable":true,"href":"https:\/\/www.europesays.com\/fr\/wp-json\/wp\/v2\/comments?post=204769"}],"version-history":[{"count":0,"href":"https:\/\/www.europesays.com\/fr\/wp-json\/wp\/v2\/posts\/204769\/revisions"}],"wp:featuredmedia":[{"embeddable":true,"href":"https:\/\/www.europesays.com\/fr\/wp-json\/wp\/v2\/media\/204770"}],"wp:attachment":[{"href":"https:\/\/www.europesays.com\/fr\/wp-json\/wp\/v2\/media?parent=204769"}],"wp:term":[{"taxonomy":"category","embeddable":true,"href":"https:\/\/www.europesays.com\/fr\/wp-json\/wp\/v2\/categories?post=204769"},{"taxonomy":"post_tag","embeddable":true,"href":"https:\/\/www.europesays.com\/fr\/wp-json\/wp\/v2\/tags?post=204769"}],"curies":[{"name":"wp","href":"https:\/\/api.w.org\/{rel}","templated":true}]}}