{"id":204773,"date":"2025-06-26T03:10:18","date_gmt":"2025-06-26T03:10:18","guid":{"rendered":"https:\/\/www.europesays.com\/fr\/204773\/"},"modified":"2025-06-26T03:10:18","modified_gmt":"2025-06-26T03:10:18","slug":"la-vraie-raison-derriere-lannulation-de-lune-de-ses-meilleures-series","status":"publish","type":"post","link":"https:\/\/www.europesays.com\/fr\/204773\/","title":{"rendered":"La vraie raison derri\u00e8re l\u2019annulation de l\u2019une de ses meilleures s\u00e9ries"},"content":{"rendered":"<p>Il cartonne dans presque tout ce qu\u2019il fait depuis une quinzaine d\u2019ann\u00e9es, d\u2019abord dans son r\u00f4le de Richard Castle dans Castle, puis dans son r\u00f4le actuel de John Nolan dans la s\u00e9rie The Rookie. <a href=\"https:\/\/www.programme-tv.net\/news\/evenement\/disney-plus-streaming\/378838-nathan-fillion-cette-bonne-nouvelle-pour-la-star-de-the-rookie-qui-va-faire-palir-denvie-ellen-pompeo-et-joshua-jackson\/\" data-api-deeplink=\"teleloisirs:\/\/news\/378838\" rel=\"nofollow noopener\" target=\"_blank\">Une s\u00e9rie toujours autant appr\u00e9ci\u00e9e des t\u00e9l\u00e9spectateurs.<\/a> Nathan Fillion est \u00e9galement reconnu dans le domaine de la voix off. Homme passionn\u00e9 par de nombreux sujets, le com\u00e9dien de 54 ans a r\u00e9v\u00e9l\u00e9 au d\u00e9but du mois de juin qu\u2019<a href=\"https:\/\/www.programme-tv.net\/news\/people\/380839-je-voulais-repondre-aux-rumeurs-nathan-fillion-fait-une-annonce-inattendue\/\" data-api-deeplink=\"teleloisirs:\/\/news\/380839\" rel=\"nofollow noopener\" target=\"_blank\">il venait d\u2019obtenir son doctorat<\/a>. \u00ab\u00a0Je voulais r\u00e9pondre aux rumeurs selon lesquelles j&rsquo;aurais obtenu mon doctorat ce week-end. C&rsquo;est tout \u00e0 fait vrai. Je l&rsquo;ai obtenu\u00a0\u00bb, a-t-il confi\u00e9 sur Instagram, fier et heureux. Avant son succ\u00e8s populaire dans Castle, Nathan Fillion est apparu dans de nombreuses s\u00e9ries, comme Buffy contre les vampires. Mais c\u2019est bien le r\u00f4le de Malcolm \u00ab\u00a0Mal\u00a0\u00bb Reynolds dans Firefly, actuellement disponible sur <a href=\"https:\/\/www.programme-tv.net\/evenements\/disney\/\" rel=\"nofollow noopener\" target=\"_blank\">la plateforme Disney+<\/a>, en 2002, qui a v\u00e9ritablement lanc\u00e9 sa carri\u00e8re. \u00ab\u00a0Firefly a compl\u00e8tement transform\u00e9 ma vie : je ne serais pas l\u00e0 o\u00f9 je suis sans cette s\u00e9rie\u00a0\u00bb, a-t-il confi\u00e9 \u00e0 plusieurs reprises. Son interpr\u00e9tation lui a valu, entre Firefly et le film Serenity en 2005 qui a servi de conclusion, une place de choix parmi les figures cultes de l\u2019univers geek. Dans The Big Bang Theory, Sheldon \u00e9voque d\u2019ailleurs Firefly \u00e0 plusieurs reprises et <a href=\"https:\/\/www.programme-tv.net\/news\/series-tv\/378620-the-big-bang-theory-vous-souveniez-vous-que-nathan-fillion-avait-joue-dans-la-serie\/\" data-api-deeplink=\"teleloisirs:\/\/news\/378620\" rel=\"nofollow noopener\" target=\"_blank\">Nathan Fillion a m\u00eame fait une apparition<\/a> \u00e0 ce titre dans la sitcom.<\/p>\n<p>                        <b>Firefly<\/b><b> : pourquoi la s\u00e9rie de science-fiction avec Nathan Fillion a-t-elle \u00e9t\u00e9 annul\u00e9e apr\u00e8s une seule saison ?<\/b><\/p>\n<p>Si ses fans de Firefly, tr\u00e8s investis dans la s\u00e9rie, nourrissent des th\u00e9ories selon lesquelles la cha\u00eene am\u00e9ricaine Fox n&rsquo;aurait jamais voulu son succ\u00e8s, au point de diffuser les \u00e9pisodes dans le d\u00e9sordre, il s&rsquo;av\u00e8re que <a href=\"https:\/\/www.programme-tv.net\/news\/evenement\/disney-plus-streaming\/291816-firefly-disney-20-ans-apres-son-annulation-injuste-ce-space-western-culte-avec-nathan-fillion-atterrit-sur-la-plateforme-americaine\/\" data-api-deeplink=\"teleloisirs:\/\/news\/291816\" rel=\"nofollow noopener\" target=\"_blank\">l\u2019annulation pr\u00e9matur\u00e9e de Firefly apr\u00e8s une seule saison<\/a> est simplement due \u00e0 des audiences d\u00e9cevantes. Gail Berman, ancienne pr\u00e9sidente de Fox Entertainment, avait fait des confidences sur cet arr\u00eat brutal en 2011, cit\u00e9e par le site anglais Digital Spy : \u00ab\u00a0Si c&rsquo;\u00e9tait \u00e0 refaire, j&rsquo;aurais peut-\u00eatre reconsid\u00e9r\u00e9 ma d\u00e9cision, mais je ne suis pas s\u00fbre que cela aurait chang\u00e9 quoi que ce soit\u00a0\u00bb, avait-elle not\u00e9, avant de pr\u00e9ciser : \u00ab\u00a0C&rsquo;\u00e9tait une question de chiffres. C&rsquo;\u00e9tait une s\u00e9rie formidable, je l&rsquo;adorais et j&rsquo;ai ador\u00e9 travailler avec [<a href=\"https:\/\/www.programme-tv.net\/biographie\/2408-whedon-joss\/\" data-link-people=\"864275d9-4ccf-4245-bcf9-45d7fd619bb8\" rel=\"nofollow noopener\" target=\"_blank\">Joss Whedon<\/a>] dessus, mais c&rsquo;\u00e9tait une s\u00e9rie colossale, tr\u00e8s co\u00fbteuse, et elle n&rsquo;atteignait pas les objectifs fix\u00e9s.\u00a0\u00bb<\/p>\n<p>Nathan Fillion a \u00e9t\u00e9 virulent apr\u00e8s l\u2019arr\u00eat de Firefly<\/p>\n<p>\u00c0 l\u2019\u00e9poque de l\u2019annulation de la s\u00e9rie, Nathan Fillion avait ru\u00e9 dans les brancards, notamment contre la cha\u00eene qu\u2019il avait, lui aussi, accus\u00e9e d\u2019avoir volontairement torpill\u00e9 la s\u00e9rie. Depuis, il a \u00e9volu\u00e9, <a href=\"https:\/\/www.programme-tv.net\/news\/series-tv\/161637-nathan-fillion-castle-nostalgique-de-la-serie-firefly\/\" data-api-deeplink=\"teleloisirs:\/\/news\/161637\" rel=\"nofollow noopener\" target=\"_blank\">nourri un peu de nostalgie<\/a>, et a r\u00e9cemment r\u00e9v\u00e9l\u00e9 qu\u2019il ne souhaitait pas voir la s\u00e9rie revenir \u00e0 l\u2019antenne. \u00ab\u00a0Firefly \u00e9tait un projet qui a exist\u00e9 si peu de temps et qui remonte \u00e0 si loin que je consid\u00e9rerais [un retour] comme impossible\u00a0\u00bb, avait-il confi\u00e9 \u00e0 HitFix. Aux yeux de l\u2019acteur, la s\u00e9rie a d\u2019autant plus de valeur dans son format unique et son film de cl\u00f4ture [Serenity, NDLR] lui offre une forme de fin satisfaisante.<\/p>\n<p>Article \u00e9crit avec la collaboration de 6Medias<\/p>\n","protected":false},"excerpt":{"rendered":"Il cartonne dans presque tout ce qu\u2019il fait depuis une quinzaine d\u2019ann\u00e9es, d\u2019abord dans son r\u00f4le de Richard&hellip;\n","protected":false},"author":2,"featured_media":204774,"comment_status":"","ping_status":"","sticky":false,"template":"","format":"standard","meta":{"footnotes":""},"categories":[1356],"tags":[4548,244,10451,58,59,34373,1011,27,22610,22609,10450,129,252,1364,22611],"class_list":{"0":"post-204773","1":"post","2":"type-post","3":"status-publish","4":"format-standard","5":"has-post-thumbnail","7":"category-television","8":"tag-channel_tl-story","9":"tag-commentaire","10":"tag-disney-plus","11":"tag-divertissement","12":"tag-entertainment","13":"tag-firefly","14":"tag-fr","15":"tag-france","16":"tag-guid_6243793464001","17":"tag-nathan-fillion","18":"tag-pub-streaming-disney-plus","19":"tag-svod","20":"tag-television","21":"tag-tv","22":"tag-uuid_a2ed9772-58e8-44e4-9d24-89cb77d140c1"},"share_on_mastodon":{"url":"https:\/\/pubeurope.com\/@fr\/114747475504013166","error":""},"_links":{"self":[{"href":"https:\/\/www.europesays.com\/fr\/wp-json\/wp\/v2\/posts\/204773","targetHints":{"allow":["GET"]}}],"collection":[{"href":"https:\/\/www.europesays.com\/fr\/wp-json\/wp\/v2\/posts"}],"about":[{"href":"https:\/\/www.europesays.com\/fr\/wp-json\/wp\/v2\/types\/post"}],"author":[{"embeddable":true,"href":"https:\/\/www.europesays.com\/fr\/wp-json\/wp\/v2\/users\/2"}],"replies":[{"embeddable":true,"href":"https:\/\/www.europesays.com\/fr\/wp-json\/wp\/v2\/comments?post=204773"}],"version-history":[{"count":0,"href":"https:\/\/www.europesays.com\/fr\/wp-json\/wp\/v2\/posts\/204773\/revisions"}],"wp:featuredmedia":[{"embeddable":true,"href":"https:\/\/www.europesays.com\/fr\/wp-json\/wp\/v2\/media\/204774"}],"wp:attachment":[{"href":"https:\/\/www.europesays.com\/fr\/wp-json\/wp\/v2\/media?parent=204773"}],"wp:term":[{"taxonomy":"category","embeddable":true,"href":"https:\/\/www.europesays.com\/fr\/wp-json\/wp\/v2\/categories?post=204773"},{"taxonomy":"post_tag","embeddable":true,"href":"https:\/\/www.europesays.com\/fr\/wp-json\/wp\/v2\/tags?post=204773"}],"curies":[{"name":"wp","href":"https:\/\/api.w.org\/{rel}","templated":true}]}}