{"id":204783,"date":"2025-06-26T03:15:10","date_gmt":"2025-06-26T03:15:10","guid":{"rendered":"https:\/\/www.europesays.com\/fr\/204783\/"},"modified":"2025-06-26T03:15:10","modified_gmt":"2025-06-26T03:15:10","slug":"surendette-pierre-jean-chalencon-se-renfloue-en-partie-avec-sa-collection-napoleon","status":"publish","type":"post","link":"https:\/\/www.europesays.com\/fr\/204783\/","title":{"rendered":"Surendett\u00e9, Pierre-Jean Chalen\u00e7on se renfloue en partie avec sa collection Napol\u00e9on"},"content":{"rendered":"<p>Pierre-Jean Chalen\u00e7on va pouvoir souffler un peu financi\u00e8rement. Sa collection d\u2019objets d\u2019arts et historiques \u00ab\u00a0<a href=\"https:\/\/www.20minutes.fr\/dossier\/napoleon\" target=\"_blank\" class=\"color-ultramarine c-link\" rel=\"nofollow noopener\">Napol\u00e9on<\/a>\u00a0\u00bb a \u00e9t\u00e9 vendue pour un montant total de 8,7\u00a0millions d\u2019euros, a indiqu\u00e9 mercredi la maison de <a href=\"https:\/\/www.20minutes.fr\/dossier\/ventes_aux_encheres\" target=\"_blank\" class=\"color-ultramarine c-link\" rel=\"nofollow noopener\">vente<\/a> Sotheby\u2019s dans un communiqu\u00e9.<\/p>\n<p>Les objets mis en vente, dont 90\u00a0% ont \u00e9t\u00e9 achet\u00e9s, \u00e9taient estim\u00e9s \u00e0 6\u00a0millions d\u2019euros, a-t-elle pr\u00e9cis\u00e9. Elle doit permettre \u00e0 l\u2019ancienne figure de l\u2019\u00e9mission \u00ab\u00a0Affaire conclue\u00a0\u00bb d\u2019\u00e9ponger sa dette astronomique. Selon une information du <a href=\"https:\/\/immobilier.lefigaro.fr\/article\/on-croise-les-doigts-que-va-devenir-le-palais-vivienne-du-tres-endette-pierre-jean-chalencon-20250522\/\" rel=\"nofollow noopener\" target=\"_blank\" class=\"color-ultramarine c-link\">Figaro<\/a>, celle-ci s\u2019\u00e9l\u00e8ve \u00ab\u00a0\u00e0 9,4\u00a0millions d\u2019euros\u00a0\u00bb.<\/p>\n<p>Des objets divers et vari\u00e9s<\/p>\n<p>La collection comprenait notamment plusieurs tableaux repr\u00e9sentant l\u2019empereur, des habits lui ayant appartenu, la copie du certificat de son mariage religieux avec l\u2019imp\u00e9ratrice Jos\u00e9phine, mais aussi du mobilier imp\u00e9rial, des dessins, de l\u2019argenterie, de la porcelaine, ou encore des sculptures.<\/p>\n<\/p>\n<p>Autres pi\u00e8ces rares, un codicille accompagnant le premier testament de Napol\u00e9on, en exil \u00e0 Sainte-H\u00e9l\u00e8ne, et une \u00e9p\u00e9e ainsi qu\u2019un b\u00e2ton de h\u00e9raut utilis\u00e9s lors de son sacre \u00e0 Notre-Dame de Paris le 2\u00a0d\u00e9cembre\u00a01804 \u00e9taient \u00e9galement mis en vente. Trois lots issus de la collection ont \u00e9t\u00e9 pr\u00e9empt\u00e9s par des mus\u00e9es.<\/p>\n<p><a href=\"https:\/\/www.20minutes.fr\/dossier\/napoleon\" target=\"_blank\" class=\"c-link c-btn c-btn--primary\" rel=\"nofollow noopener\">Nos articles sur Napol\u00e9on<\/a><\/p>\n<p>Le collectionneur Pierre-Jean Chalen\u00e7on, connu pour sa passion pour Napol\u00e9on Bonaparte, cherche par ailleurs \u00e0 vendre le Palais Vivienne, un h\u00f4tel particulier du centre de Paris.<\/p>\n","protected":false},"excerpt":{"rendered":"Pierre-Jean Chalen\u00e7on va pouvoir souffler un peu financi\u00e8rement. Sa collection d\u2019objets d\u2019arts et historiques \u00ab\u00a0Napol\u00e9on\u00a0\u00bb a \u00e9t\u00e9 vendue&hellip;\n","protected":false},"author":2,"featured_media":204784,"comment_status":"","ping_status":"","sticky":false,"template":"","format":"standard","meta":{"footnotes":""},"categories":[8],"tags":[10225,251,58,59,1011,27,937,23977,973,13954,20898,133],"class_list":{"0":"post-204783","1":"post","2":"type-post","3":"status-publish","4":"format-standard","5":"has-post-thumbnail","7":"category-divertissement","8":"tag-collection","9":"tag-culture","10":"tag-divertissement","11":"tag-entertainment","12":"tag-fr","13":"tag-france","14":"tag-histoire","15":"tag-napoleon","16":"tag-people","17":"tag-sothebys","18":"tag-ventes-aux-encheres","19":"tag-video"},"share_on_mastodon":{"url":"https:\/\/pubeurope.com\/@fr\/114747495107341325","error":""},"_links":{"self":[{"href":"https:\/\/www.europesays.com\/fr\/wp-json\/wp\/v2\/posts\/204783","targetHints":{"allow":["GET"]}}],"collection":[{"href":"https:\/\/www.europesays.com\/fr\/wp-json\/wp\/v2\/posts"}],"about":[{"href":"https:\/\/www.europesays.com\/fr\/wp-json\/wp\/v2\/types\/post"}],"author":[{"embeddable":true,"href":"https:\/\/www.europesays.com\/fr\/wp-json\/wp\/v2\/users\/2"}],"replies":[{"embeddable":true,"href":"https:\/\/www.europesays.com\/fr\/wp-json\/wp\/v2\/comments?post=204783"}],"version-history":[{"count":0,"href":"https:\/\/www.europesays.com\/fr\/wp-json\/wp\/v2\/posts\/204783\/revisions"}],"wp:featuredmedia":[{"embeddable":true,"href":"https:\/\/www.europesays.com\/fr\/wp-json\/wp\/v2\/media\/204784"}],"wp:attachment":[{"href":"https:\/\/www.europesays.com\/fr\/wp-json\/wp\/v2\/media?parent=204783"}],"wp:term":[{"taxonomy":"category","embeddable":true,"href":"https:\/\/www.europesays.com\/fr\/wp-json\/wp\/v2\/categories?post=204783"},{"taxonomy":"post_tag","embeddable":true,"href":"https:\/\/www.europesays.com\/fr\/wp-json\/wp\/v2\/tags?post=204783"}],"curies":[{"name":"wp","href":"https:\/\/api.w.org\/{rel}","templated":true}]}}