{"id":204785,"date":"2025-06-26T03:16:14","date_gmt":"2025-06-26T03:16:14","guid":{"rendered":"https:\/\/www.europesays.com\/fr\/204785\/"},"modified":"2025-06-26T03:16:14","modified_gmt":"2025-06-26T03:16:14","slug":"comment-expliquer-le-retour-en-force-de-la-marque-emblematique","status":"publish","type":"post","link":"https:\/\/www.europesays.com\/fr\/204785\/","title":{"rendered":"comment expliquer le retour en force de la marque embl\u00e9matique ?"},"content":{"rendered":"<p>\u00ab\u00a0Mais l\u2019av\u00e8nement de l\u2019iPhone a ent\u00e9rin\u00e9 les mod\u00e8les de la marque\u00a0\u00bb Utiliser \u201cent\u00e9riner\u201d donne l\u2019id\u00e9e que l\u2019iPhone a confirm\u00e9\/renforc\u00e9 les mod\u00e8les BlackBerry, ce qui est le contraire du message voulu.<\/p>\n<p>Le verbe attendu aurait \u00e9t\u00e9 :<\/p>\n<p>\u201csupplant\u00e9\u201d<\/p>\n<p>\u201crel\u00e9gu\u00e9 aux oubliettes\u201d<\/p>\n<p>\u201centerr\u00e9\u201d (\u00e0 la limite, plus familier mais plus juste)<\/p>\n<p>\u201csign\u00e9 l\u2019arr\u00eat de mort de\u201d (si on veut le ton dramatique)<\/p>\n","protected":false},"excerpt":{"rendered":"\u00ab\u00a0Mais l\u2019av\u00e8nement de l\u2019iPhone a ent\u00e9rin\u00e9 les mod\u00e8les de la marque\u00a0\u00bb Utiliser \u201cent\u00e9riner\u201d donne l\u2019id\u00e9e que l\u2019iPhone a&hellip;\n","protected":false},"author":2,"featured_media":204786,"comment_status":"","ping_status":"","sticky":false,"template":"","format":"standard","meta":{"footnotes":""},"categories":[7],"tags":[1011,27,43,40,41,39,42,44],"class_list":{"0":"post-204785","1":"post","2":"type-post","3":"status-publish","4":"format-standard","5":"has-post-thumbnail","7":"category-sciences-et-technologies","8":"tag-fr","9":"tag-france","10":"tag-science","11":"tag-science-and-technology","12":"tag-sciences","13":"tag-sciences-et-technologies","14":"tag-technologies","15":"tag-technology"},"share_on_mastodon":{"url":"https:\/\/pubeurope.com\/@fr\/114747500378222429","error":""},"_links":{"self":[{"href":"https:\/\/www.europesays.com\/fr\/wp-json\/wp\/v2\/posts\/204785","targetHints":{"allow":["GET"]}}],"collection":[{"href":"https:\/\/www.europesays.com\/fr\/wp-json\/wp\/v2\/posts"}],"about":[{"href":"https:\/\/www.europesays.com\/fr\/wp-json\/wp\/v2\/types\/post"}],"author":[{"embeddable":true,"href":"https:\/\/www.europesays.com\/fr\/wp-json\/wp\/v2\/users\/2"}],"replies":[{"embeddable":true,"href":"https:\/\/www.europesays.com\/fr\/wp-json\/wp\/v2\/comments?post=204785"}],"version-history":[{"count":0,"href":"https:\/\/www.europesays.com\/fr\/wp-json\/wp\/v2\/posts\/204785\/revisions"}],"wp:featuredmedia":[{"embeddable":true,"href":"https:\/\/www.europesays.com\/fr\/wp-json\/wp\/v2\/media\/204786"}],"wp:attachment":[{"href":"https:\/\/www.europesays.com\/fr\/wp-json\/wp\/v2\/media?parent=204785"}],"wp:term":[{"taxonomy":"category","embeddable":true,"href":"https:\/\/www.europesays.com\/fr\/wp-json\/wp\/v2\/categories?post=204785"},{"taxonomy":"post_tag","embeddable":true,"href":"https:\/\/www.europesays.com\/fr\/wp-json\/wp\/v2\/tags?post=204785"}],"curies":[{"name":"wp","href":"https:\/\/api.w.org\/{rel}","templated":true}]}}