{"id":204789,"date":"2025-06-26T03:18:09","date_gmt":"2025-06-26T03:18:09","guid":{"rendered":"https:\/\/www.europesays.com\/fr\/204789\/"},"modified":"2025-06-26T03:18:09","modified_gmt":"2025-06-26T03:18:09","slug":"en-plein-baccalaureat-des-lyceens-tues-par-une-explosion-electrique","status":"publish","type":"post","link":"https:\/\/www.europesays.com\/fr\/204789\/","title":{"rendered":"En plein baccalaur\u00e9at, des lyc\u00e9ens tu\u00e9s par une explosion \u00e9lectrique"},"content":{"rendered":"<p>La capitale de la <a href=\"https:\/\/www.20minutes.fr\/monde\/centrafrique\/\" target=\"_blank\" class=\"color-ultramarine c-link\" rel=\"nofollow noopener\">Centrafrique<\/a> est endeuill\u00e9e par un terrible drame. En pleine \u00e9preuve du <a href=\"https:\/\/www.20minutes.fr\/dossier\/bac\" target=\"_blank\" class=\"color-ultramarine c-link\" rel=\"nofollow noopener\">baccalaur\u00e9at<\/a>, plusieurs \u00e9l\u00e8ves ont \u00e9t\u00e9 tu\u00e9s et des dizaines d\u2019autres bless\u00e9s dans l\u2019explosion du transformateur \u00e9lectrique de leur lyc\u00e9e \u00e0 Bangui, a indiqu\u00e9 mercredi soir le gouvernement.<\/p>\n<p>\u00ab\u00a0Cet incident a d\u00e9clench\u00e9 un mouvement de panique et provoqu\u00e9 plusieurs bless\u00e9s graves, occasionnant malheureusement quelques cas de pertes en vies humaines\u00a0\u00bb, a d\u00e9clar\u00e9 Aur\u00e9lien-Simplice Kongbelet-Zingas, le ministre de l\u2019<a href=\"https:\/\/www.20minutes.fr\/dossier\/education_nationale\" target=\"_blank\" class=\"color-ultramarine c-link\" rel=\"nofollow noopener\">Education<\/a>. Aucun bilan plus pr\u00e9cis n\u2019\u00e9tait disponible mercredi soir.<\/p>\n<p>Un dispositif de s\u00e9curit\u00e9 autour des h\u00f4pitaux<\/p>\n<p>\u00ab\u00a0Les surveillants ont commenc\u00e9 \u00e0 fuir les premiers. Nous avons alors \u00e9galement fui pour nous sauver. C\u2019est ainsi que nous avons saut\u00e9 du premier \u00e9tage\u00a0\u00bb a racont\u00e9 Michael Jordy Yerima, 20 ans, hospitalis\u00e9 pour une fracture du pied.<\/p>\n<\/p>\n<p>Un important dispositif de s\u00e9curit\u00e9, compos\u00e9 de casques bleus de la Minusca, de policiers et de gendarmes a \u00e9t\u00e9 positionn\u00e9 autour de l\u2019\u00e9tablissement scolaire et des h\u00f4pitaux. \u00ab\u00a0L\u2019h\u00f4pital a \u00e9t\u00e9 envahi par la population au point de faire obstruction aux soigneurs et aux ambulances\u00a0\u00bb a indiqu\u00e9 une source au minist\u00e8re de la Sant\u00e9.<\/p>\n<p>Certains bless\u00e9s transport\u00e9s \u00e0 bout de bras<\/p>\n<p>Les trois h\u00f4pitaux de la ville ont accueilli les nombreux bless\u00e9s, transport\u00e9s en ambulance, dans les bennes de pick-up, sur des motos-taxis et parfois m\u00eame \u00e0 bout de bras.<\/p>\n<p><a href=\"https:\/\/www.20minutes.fr\/monde\/centrafrique\/\" target=\"_blank\" class=\"c-link c-btn c-btn--primary\" rel=\"nofollow noopener\">Nos articles sur la Centrafrique<\/a><\/p>\n<p>Au moment de l\u2019explosion, vers 13 heures, un peu plus de 5.300 \u00e9l\u00e8ves planchaient sur les \u00e9preuves de la deuxi\u00e8me journ\u00e9e du baccalaur\u00e9at. Le ministre de l\u2019Education a assur\u00e9 que \u00ab\u00a0des mesures seront prises rapidement afin d\u2019\u00e9lucider les circonstances de cet incident\u00a0\u00bb.<\/p>\n","protected":false},"excerpt":{"rendered":"La capitale de la Centrafrique est endeuill\u00e9e par un terrible drame. En pleine \u00e9preuve du baccalaur\u00e9at, plusieurs \u00e9l\u00e8ves&hellip;\n","protected":false},"author":2,"featured_media":204790,"comment_status":"","ping_status":"","sticky":false,"template":"","format":"standard","meta":{"footnotes":""},"categories":[5],"tags":[47,11,31761,34375,28403,2688,1011,27,14,74,12,133,28],"class_list":{"0":"post-204789","1":"post","2":"type-post","3":"status-publish","4":"format-standard","5":"has-post-thumbnail","7":"category-international","8":"tag-actualite","9":"tag-actualites","10":"tag-bac-baccalaureat","11":"tag-bangui","12":"tag-centrafrique","13":"tag-explosion","14":"tag-fr","15":"tag-france","16":"tag-international","17":"tag-monde","18":"tag-news","19":"tag-video","20":"tag-world"},"share_on_mastodon":{"url":"","error":""},"_links":{"self":[{"href":"https:\/\/www.europesays.com\/fr\/wp-json\/wp\/v2\/posts\/204789","targetHints":{"allow":["GET"]}}],"collection":[{"href":"https:\/\/www.europesays.com\/fr\/wp-json\/wp\/v2\/posts"}],"about":[{"href":"https:\/\/www.europesays.com\/fr\/wp-json\/wp\/v2\/types\/post"}],"author":[{"embeddable":true,"href":"https:\/\/www.europesays.com\/fr\/wp-json\/wp\/v2\/users\/2"}],"replies":[{"embeddable":true,"href":"https:\/\/www.europesays.com\/fr\/wp-json\/wp\/v2\/comments?post=204789"}],"version-history":[{"count":0,"href":"https:\/\/www.europesays.com\/fr\/wp-json\/wp\/v2\/posts\/204789\/revisions"}],"wp:featuredmedia":[{"embeddable":true,"href":"https:\/\/www.europesays.com\/fr\/wp-json\/wp\/v2\/media\/204790"}],"wp:attachment":[{"href":"https:\/\/www.europesays.com\/fr\/wp-json\/wp\/v2\/media?parent=204789"}],"wp:term":[{"taxonomy":"category","embeddable":true,"href":"https:\/\/www.europesays.com\/fr\/wp-json\/wp\/v2\/categories?post=204789"},{"taxonomy":"post_tag","embeddable":true,"href":"https:\/\/www.europesays.com\/fr\/wp-json\/wp\/v2\/tags?post=204789"}],"curies":[{"name":"wp","href":"https:\/\/api.w.org\/{rel}","templated":true}]}}