{"id":20479,"date":"2025-04-12T20:05:08","date_gmt":"2025-04-12T20:05:08","guid":{"rendered":"https:\/\/www.europesays.com\/fr\/20479\/"},"modified":"2025-04-12T20:05:08","modified_gmt":"2025-04-12T20:05:08","slug":"un-petit-garcon-de-4-ans-meurt-noye-dans-un-lac-a-mantes-la-jolie","status":"publish","type":"post","link":"https:\/\/www.europesays.com\/fr\/20479\/","title":{"rendered":"Un petit gar\u00e7on de 4 ans meurt noy\u00e9 dans un lac \u00e0 Mantes-la-Jolie"},"content":{"rendered":"<p>Un vendredi tragique \u00e0 <a href=\"https:\/\/www.20minutes.fr\/faits_divers\/4109772-20240912-yvelines-deux-pieds-coupes-net-scie-decouverts-bord-seine-promeneuse\" target=\"_blank\" class=\"color-ultramarine c-link\" rel=\"noopener\">Mantes-la-Jolie<\/a> dans les <a href=\"https:\/\/www.20minutes.fr\/societe\/yvelines\/\" class=\"color-ultramarine c-link\" target=\"_blank\" rel=\"noopener\">Yvelines<\/a>. En fin de journ\u00e9e, un petit gar\u00e7on de 4 ans est <a href=\"https:\/\/www.20minutes.fr\/dossier\/noyade\" class=\"color-ultramarine c-link\" target=\"_blank\" rel=\"noopener\">d\u00e9c\u00e9d\u00e9<\/a> apr\u00e8s s\u2019\u00eatre noy\u00e9 dans un lac, dans le quartier de Gassicourt, rapporte <a href=\"https:\/\/www.leparisien.fr\/yvelines-78\/mantes-la-jolie-78200\/mantes-la-jolie-un-enfant-de-quatre-ans-retrouve-mort-dans-un-lac-12-04-2025-OBSLFO34Y5EJZNTYEZ6KOJBNYA.php?ts=1744460654847\" rel=\"nofollow noopener\" target=\"_blank\" class=\"color-ultramarine c-link\">Le Parisien<\/a>. Selon nos confr\u00e8res, l\u2019enfant s\u2019amusait dans un parc de jeux situ\u00e9 le long des bords de Seine, lorsqu\u2019il a \u00e9chapp\u00e9 \u00e0 la vigilance de ses proches. Son p\u00e8re paniqu\u00e9 a alors pr\u00e9venu la police directement.<\/p>\n<\/p>\n<p>Les secours, policiers et agents municipaux rapidement sur place se sont mobilis\u00e9s pour les recherches. Malheureusement, le petit a \u00e9t\u00e9 retrouv\u00e9 vers 19h30, dans le lac de Gassicourt, pr\u00e8s de l\u2019aire de jeux. Le petit gar\u00e7on s\u2019y serait noy\u00e9. Malgr\u00e9 les tentatives de r\u00e9animation, il a \u00e9t\u00e9 transport\u00e9 en urgence \u00e0 l\u2019h\u00f4pital de Mantes-la-Jolie o\u00f9 son d\u00e9c\u00e8s a \u00e9t\u00e9 d\u00e9clar\u00e9 \u00e0 21h30.<\/p>\n","protected":false},"excerpt":{"rendered":"Un vendredi tragique \u00e0 Mantes-la-Jolie dans les Yvelines. En fin de journ\u00e9e, un petit gar\u00e7on de 4 ans&hellip;\n","protected":false},"author":2,"featured_media":20480,"comment_status":"","ping_status":"","sticky":false,"template":"","format":"standard","meta":{"footnotes":""},"categories":[2],"tags":[119,47,11,3983,847,118,658,1011,27,662,12,7781,1938],"class_list":{"0":"post-20479","1":"post","2":"type-post","3":"status-publish","4":"format-standard","5":"has-post-thumbnail","7":"category-actualites","8":"tag-accident","9":"tag-actualite","10":"tag-actualites","11":"tag-deces","12":"tag-enfant","13":"tag-faits-divers","14":"tag-faits-divers-paris","15":"tag-fr","16":"tag-france","17":"tag-ile-de-france","18":"tag-news","19":"tag-noyade","20":"tag-yvelines"},"share_on_mastodon":{"url":"https:\/\/pubeurope.com\/@fr\/114326793264645920","error":""},"_links":{"self":[{"href":"https:\/\/www.europesays.com\/fr\/wp-json\/wp\/v2\/posts\/20479","targetHints":{"allow":["GET"]}}],"collection":[{"href":"https:\/\/www.europesays.com\/fr\/wp-json\/wp\/v2\/posts"}],"about":[{"href":"https:\/\/www.europesays.com\/fr\/wp-json\/wp\/v2\/types\/post"}],"author":[{"embeddable":true,"href":"https:\/\/www.europesays.com\/fr\/wp-json\/wp\/v2\/users\/2"}],"replies":[{"embeddable":true,"href":"https:\/\/www.europesays.com\/fr\/wp-json\/wp\/v2\/comments?post=20479"}],"version-history":[{"count":0,"href":"https:\/\/www.europesays.com\/fr\/wp-json\/wp\/v2\/posts\/20479\/revisions"}],"wp:featuredmedia":[{"embeddable":true,"href":"https:\/\/www.europesays.com\/fr\/wp-json\/wp\/v2\/media\/20480"}],"wp:attachment":[{"href":"https:\/\/www.europesays.com\/fr\/wp-json\/wp\/v2\/media?parent=20479"}],"wp:term":[{"taxonomy":"category","embeddable":true,"href":"https:\/\/www.europesays.com\/fr\/wp-json\/wp\/v2\/categories?post=20479"},{"taxonomy":"post_tag","embeddable":true,"href":"https:\/\/www.europesays.com\/fr\/wp-json\/wp\/v2\/tags?post=20479"}],"curies":[{"name":"wp","href":"https:\/\/api.w.org\/{rel}","templated":true}]}}