{"id":204791,"date":"2025-06-26T03:19:11","date_gmt":"2025-06-26T03:19:11","guid":{"rendered":"https:\/\/www.europesays.com\/fr\/204791\/"},"modified":"2025-06-26T03:19:11","modified_gmt":"2025-06-26T03:19:11","slug":"le-rapport-parlementaire-post-betharram-adopte-malgre-les-absentions-du-modem-et-du-rn-mediapart","status":"publish","type":"post","link":"https:\/\/www.europesays.com\/fr\/204791\/","title":{"rendered":"Le rapport parlementaire post-B\u00e9tharram adopt\u00e9 malgr\u00e9 les absentions du MoDem et du RN &#8211; Mediapart"},"content":{"rendered":"<ol>\n<li><a href=\"https:\/\/news.google.com\/rss\/articles\/CBMizgFBVV95cUxOeGZQQVIzZGhDVXJkY1JDampLb244VlpuYkszbjlEZGxaX2dhLWRzYTV4SXgzQmRJRFhseUFqVkZ5WFBLbTktMk9zc0FGRzFZTXpmVVNqbGdwd1JjR2dEVEhnUUxYRFBQVmVHTkVjb2YxbGVldkJRYXBvaFh1SkxpU1ZDVHlsQ3d6SzhZNGhyNE5OZl9XSlVnaWxyb3lnWlNzUU42c255SDhoZUxIaFQtUFhXekxfM3VCd0JRcTljb2l1LXlsTHdQSWI3WXo4QQ?oc=5\" target=\"_blank\" rel=\"noopener\">Le rapport parlementaire post-B\u00e9tharram adopt\u00e9 malgr\u00e9 les absentions du MoDem et du RN<\/a>&nbsp;&nbsp;Mediapart<\/li>\n<li><a href=\"https:\/\/news.google.com\/rss\/articles\/CBMi4wFBVV95cUxPSHVxalhnZ3lXOUttMmd3VmlSV3hPTHhSVEItSFl4TlNxRkRpdE5ieUU4SHpFVTVLUGw4NlVPd3loM3VDaVhMS19STHczUl9UeGhETEk0U2FYZUQ1b0p0Tmo1SGFhZU40TUw2bzFKTG9VREFhUzlSbzJBRGU3cG9WTmQzN2VTcE1yWmFIWmdrNUFkTmU1OVhZZlZSd1FRdUJ6WHZpSHFpRnpTNnhTck9ZTlRfdWpibG1EV2ZWcU94VUdMY2JLTEJoU21hcXllWEZxX2xpMnNVUkZGVTFKT0lXRGlJSQ?oc=5\" target=\"_blank\" rel=\"noopener\">Affaire de B\u00e9tharram : en 1998, les rat\u00e9s de la justice face aux agresseurs pr\u00e9sum\u00e9s<\/a>&nbsp;&nbsp;Le Monde.fr<\/li>\n<li><a href=\"https:\/\/news.google.com\/rss\/articles\/CBMi8gFBVV95cUxNck9yUGhpZ3JlUFZNbmEwMTR6UW54UGp2eU43dU9zX3Q0eWQtdlc0NXkwdGlXZWw4TlVLd3lLU0hmN3RBWGYxd010cXVwTXRtVHJVNS15NHJRVGdwa09xRkhpOFFRdHIwYWxnQnZBcjB5aFp3dnFzRUVBQXZ2TC1rOUpyN0FMdnBJdnRBUzlHQVNqNGdYQlJmdXNZMFNVYUlfY1FEMmRTRXJHT3Y1TkYzcG04Q1dtb2xwZlNhUG1adXU3UHc3Zm54NmdXeXZEODY1STZoTlZSM3FySU5WMmU4d0RzZEdCc0ZfM3g0MGxOaVVEZw?oc=5\" target=\"_blank\" rel=\"noopener\">Affaire B\u00e9tharram : le rapport parlementaire sur les violences en milieu scolaire a \u00e9t\u00e9 adopt\u00e9<\/a>&nbsp;&nbsp;Sud Ouest<\/li>\n<li><a href=\"https:\/\/news.google.com\/rss\/articles\/CBMioAJBVV95cUxPc2kzVEM0RGhIdHlVekduTkl6el9LTXgtZFYxOWI0QnozaUdBTFVXTzJnSU8zVGZRdUxSSUZjZWF2UjBHWFhUb01QY0Z4VXJaZlEzbFFjWDR2cGRfWHlFMWszSVNzaVByUDNLcDVPQmExOTNGMTZUbTdxRVg5MjFwNVpDTWV0RkIzT2xTT3Z0cTNsWlgzYnNJUi1hOWcxMzBsSkVtYXRya2FBYndIbl9WbmVFbmNZYzEtUEdEYmpaTEYtbHdqbXFjZDZtQzBvS2RpS2pmbTVXckJFZUpfUUR6UnZTRlNuSkJCRFZyVGM3QlQwZW14U2NmRmhQV2liaE5LNl9vWHdGWVZVOGlnRThsZ1ZxTW5NeXZsRGhKcnVsdXE?oc=5\" target=\"_blank\" rel=\"noopener\">\u00ab\u00a0Comment n&rsquo;ai-je rien vu ?\u00a0\u00bb : le sentiment de culpabilit\u00e9 chez les parents des victimes de maltraitance en milieu scolaire<\/a>&nbsp;&nbsp;France Info<\/li>\n<li><a href=\"https:\/\/news.google.com\/rss\/articles\/CBMimAJBVV95cUxNWmxTZ0tUZ2t5V2ZZUVdURGQ3MExhWnNIVk9oZnJONGpxVDRfT0cxOWU5ZUlrVG1ERXAzU2xibGdPYmRfTGhHNHFTWEZDeU5jaGEwcEs0dVRMdGxPLURObU1ISmFObHZSSlV0ZGFBWmNqLTRzSWx0VnRNa3R6YzljQ1FjTnZJcjVyUWowdDFJS3FBN1hSUzJycjJLNWlWQlA3aTZrSkVOYjNjemsyUENVVUR6UzRnbjU0amVyVXBuQWowcF9ISEQyeUxsZnlOX0xUcE1ncXFIbk5CZFNJRlRPUGdWM0JJcVpBb05XbTVsTUVadDlQLXdSdU1JbFhBT3NjMFZBbFVYZ0NQeFpPcEh0eDlRVndYZlUz?oc=5\" target=\"_blank\" rel=\"noopener\">\u00ab\u00a0L&rsquo;impression d&rsquo;avoir \u00e9t\u00e9 trahie\u00a0\u00bb : des m\u00e8res de famille d\u00e9noncent l\u2019omerta face \u00e0 la violence en milieu scolaire<\/a>&nbsp;&nbsp;Radio France<\/li>\n<\/ol>\n","protected":false},"excerpt":{"rendered":"Le rapport parlementaire post-B\u00e9tharram adopt\u00e9 malgr\u00e9 les absentions du MoDem et du RN&nbsp;&nbsp;Mediapart Affaire de B\u00e9tharram : en&hellip;\n","protected":false},"author":2,"featured_media":204792,"comment_status":"","ping_status":"","sticky":false,"template":"","format":"standard","meta":{"footnotes":""},"categories":[4],"tags":[11,34376,6268,1011,27,431,12,6270,25],"class_list":{"0":"post-204791","1":"post","2":"type-post","3":"status-publish","4":"format-standard","5":"has-post-thumbnail","7":"category-france","8":"tag-actualites","9":"tag-commission-denquete-parlementaire","10":"tag-education-et-enseignement-superieur","11":"tag-fr","12":"tag-france","13":"tag-francois-bayrou","14":"tag-news","15":"tag-notre-dame-de-betharram","16":"tag-republique-francaise"},"share_on_mastodon":{"url":"https:\/\/pubeurope.com\/@fr\/114747510882672164","error":""},"_links":{"self":[{"href":"https:\/\/www.europesays.com\/fr\/wp-json\/wp\/v2\/posts\/204791","targetHints":{"allow":["GET"]}}],"collection":[{"href":"https:\/\/www.europesays.com\/fr\/wp-json\/wp\/v2\/posts"}],"about":[{"href":"https:\/\/www.europesays.com\/fr\/wp-json\/wp\/v2\/types\/post"}],"author":[{"embeddable":true,"href":"https:\/\/www.europesays.com\/fr\/wp-json\/wp\/v2\/users\/2"}],"replies":[{"embeddable":true,"href":"https:\/\/www.europesays.com\/fr\/wp-json\/wp\/v2\/comments?post=204791"}],"version-history":[{"count":0,"href":"https:\/\/www.europesays.com\/fr\/wp-json\/wp\/v2\/posts\/204791\/revisions"}],"wp:featuredmedia":[{"embeddable":true,"href":"https:\/\/www.europesays.com\/fr\/wp-json\/wp\/v2\/media\/204792"}],"wp:attachment":[{"href":"https:\/\/www.europesays.com\/fr\/wp-json\/wp\/v2\/media?parent=204791"}],"wp:term":[{"taxonomy":"category","embeddable":true,"href":"https:\/\/www.europesays.com\/fr\/wp-json\/wp\/v2\/categories?post=204791"},{"taxonomy":"post_tag","embeddable":true,"href":"https:\/\/www.europesays.com\/fr\/wp-json\/wp\/v2\/tags?post=204791"}],"curies":[{"name":"wp","href":"https:\/\/api.w.org\/{rel}","templated":true}]}}