{"id":204795,"date":"2025-06-26T03:21:16","date_gmt":"2025-06-26T03:21:16","guid":{"rendered":"https:\/\/www.europesays.com\/fr\/204795\/"},"modified":"2025-06-26T03:21:16","modified_gmt":"2025-06-26T03:21:16","slug":"chambles-ermitage-oratoire-gites-depuis-50-ans-notre-dame-de-graces-entretient-son-hospitalite-bienveillante","status":"publish","type":"post","link":"https:\/\/www.europesays.com\/fr\/204795\/","title":{"rendered":"Chambles. Ermitage, oratoire, g\u00eetes&#8230; Depuis 50 ans, Notre-Dame de Gr\u00e2ces entretient son hospitalit\u00e9 bienveillante"},"content":{"rendered":"<p>\u00c0 l&rsquo;Espace Notre-Dame de Gr\u00e2ces, tout a commenc\u00e9 par les chantiers de jeunesse de 1973 \u00e0 1990 pour r\u00e9habiliter la Maison du Bon Repos. L\u2019aventure \u00e9tait en marche avec la restauration de plusieurs anciens b\u00e2timents.<\/p>\n<p>Ainsi, verront le jour la Maison L\u00e9gaut, les ermitages, compl\u00e9t\u00e9s par un oratoire, et la Maison \u00c9lisabeth, afin d\u2019offrir un accueil de qualit\u00e9 adapt\u00e9 pour diff\u00e9rents publics (adultes, jeunes, groupes ou familles).<\/p>\n<p>Aujourd\u2019hui, le site est connu et reconnu pour son cadre calme et serein qui lui donne une \u00e2me si particuli\u00e8re. Dans cet espace, des liens d\u2019amiti\u00e9 et de solidarit\u00e9 ont trouv\u00e9 leur place dans le paysage chamblou, conservant ce qui fait son ADN : l\u2019\u00e9coute, l\u2019accueil, la rencontre, le partage et l\u2019\u00e9change.<\/p>\n<p>  Une journ\u00e9e m\u00e9morable<\/p>\n<p>Samedi, dans ce haut lieu d\u2019accueil et de spiritualit\u00e9 charg\u00e9 de souvenirs, des festivit\u00e9s et des rencontres sont pr\u00e9vues. Un copieux programme attend le public, l\u2019ensemble de ses adh\u00e9rents actuels ou pass\u00e9s, mais aussi les parents et amis, de m\u00eame que les partenaires priv\u00e9s ou institutionnels.<\/p>\n<p>En pr\u00e9sence de Mgr\u00a0Sylvain Bataille, du P\u00e8re Thierry Magnin, toutes et tous r\u00e9unis, rendront un vibrant hommage avec l\u2019inauguration d\u2019un espace d\u00e9di\u00e9 au P\u00e8re Louis Tronchon, fondateur et pierre angulaire de l\u2019association et de l\u2019Espace Notre-Dame de Gr\u00e2ces.<\/p>\n<p>Elle sera suivie de l\u2019eucharistie. Tout au long de la journ\u00e9e, ateliers, conf\u00e9rences avec la participation de la Maison de l&rsquo;eau et de l\u2019environnement de Marlhes. De nombreuses animations pour les enfants et un l\u00e2cher de ballons sont pr\u00e9vus. Possibilit\u00e9 de restauration rapide sur place.<\/p>\n","protected":false},"excerpt":{"rendered":"\u00c0 l&rsquo;Espace Notre-Dame de Gr\u00e2ces, tout a commenc\u00e9 par les chantiers de jeunesse de 1973 \u00e0 1990 pour&hellip;\n","protected":false},"author":2,"featured_media":204796,"comment_status":"","ping_status":"","sticky":false,"template":"","format":"standard","meta":{"footnotes":""},"categories":[9653],"tags":[1111,11,2430,20130,7359,1777,674,1011,27,12,25,4001,20131,104,1631],"class_list":{"0":"post-204795","1":"post","2":"type-post","3":"status-publish","4":"format-standard","5":"has-post-thumbnail","7":"category-saint-etienne","8":"tag-actu","9":"tag-actualites","10":"tag-auvergne-rhone-alpes","11":"tag-chambles","12":"tag-edition-loire-centre","13":"tag-eu","14":"tag-europe","15":"tag-fr","16":"tag-france","17":"tag-news","18":"tag-republique-francaise","19":"tag-saint-etienne","20":"tag-saint-just-saint-rambert-bassin","21":"tag-societe","22":"tag-vie-associative"},"share_on_mastodon":{"url":"https:\/\/pubeurope.com\/@fr\/114747519014209769","error":""},"_links":{"self":[{"href":"https:\/\/www.europesays.com\/fr\/wp-json\/wp\/v2\/posts\/204795","targetHints":{"allow":["GET"]}}],"collection":[{"href":"https:\/\/www.europesays.com\/fr\/wp-json\/wp\/v2\/posts"}],"about":[{"href":"https:\/\/www.europesays.com\/fr\/wp-json\/wp\/v2\/types\/post"}],"author":[{"embeddable":true,"href":"https:\/\/www.europesays.com\/fr\/wp-json\/wp\/v2\/users\/2"}],"replies":[{"embeddable":true,"href":"https:\/\/www.europesays.com\/fr\/wp-json\/wp\/v2\/comments?post=204795"}],"version-history":[{"count":0,"href":"https:\/\/www.europesays.com\/fr\/wp-json\/wp\/v2\/posts\/204795\/revisions"}],"wp:featuredmedia":[{"embeddable":true,"href":"https:\/\/www.europesays.com\/fr\/wp-json\/wp\/v2\/media\/204796"}],"wp:attachment":[{"href":"https:\/\/www.europesays.com\/fr\/wp-json\/wp\/v2\/media?parent=204795"}],"wp:term":[{"taxonomy":"category","embeddable":true,"href":"https:\/\/www.europesays.com\/fr\/wp-json\/wp\/v2\/categories?post=204795"},{"taxonomy":"post_tag","embeddable":true,"href":"https:\/\/www.europesays.com\/fr\/wp-json\/wp\/v2\/tags?post=204795"}],"curies":[{"name":"wp","href":"https:\/\/api.w.org\/{rel}","templated":true}]}}