{"id":204799,"date":"2025-06-26T03:23:20","date_gmt":"2025-06-26T03:23:20","guid":{"rendered":"https:\/\/www.europesays.com\/fr\/204799\/"},"modified":"2025-06-26T03:23:20","modified_gmt":"2025-06-26T03:23:20","slug":"voici-ce-qui-est-prevu","status":"publish","type":"post","link":"https:\/\/www.europesays.com\/fr\/204799\/","title":{"rendered":"voici ce qui est pr\u00e9vu"},"content":{"rendered":"<p>            Par<br \/>\n        <strong><br \/>\n            <a href=\"https:\/\/actu.fr\/auteur\/pierre-emile-bouchy-actu-fr\" title=\"Consulter tous les articles de Paul-Emile Bouchy\" target=\"_blank\" rel=\"noopener\">Paul-Emile Bouchy<\/a><br \/>\n        <\/strong><\/p>\n<p>        Publi\u00e9 le<\/p>\n<p>            25 juin 2025 \u00e0 14h56        <\/p>\n<p>Depuis le d\u00e9but du mandat de Mathieu Klein en 2020, la Ville de Nancy a pris l\u2019engagement de <strong>ne plus avoir d\u2019animaux sauvages<\/strong> au sein de l\u2019espace animalier du <a href=\"https:\/\/actu.fr\/tag\/parc-de-la-pepiniere\" target=\"_blank\" rel=\"noopener\">parc de la P\u00e9pini\u00e8re<\/a>. Ainsi, les <a href=\"https:\/\/actu.fr\/grand-est\/nancy_54395\/les-macaques-crabiers-quittent-le-parc-de-la-pepiniere-a-nancy-pour-une-retraite-en-belgique_38334099.html\" target=\"_blank\" rel=\"noopener\">macaques crabiers<\/a> et les <a href=\"https:\/\/actu.fr\/grand-est\/nancy_54395\/nancy-apres-le-depart-des-singes-de-nouveaux-animaux-quittent-le-parc-de-la-pepiniere_40399489.html\" target=\"_blank\" rel=\"noopener\">daims<\/a> ont quitt\u00e9 le parc.<\/p>\n<p class=\" wall-content\">Toutefois, la municipalit\u00e9 souhaite accueillir <strong>des animaux domestiques et locaux en r\u00e9novant des enclos actuellement vides<\/strong>. On fait le point.<\/p>\n<p>Une voli\u00e8re \u00e0 la place de la fosse aux ours du parc de la P\u00e9pini\u00e8re<\/p>\n<p class=\" wall-content\">Les plus anciens ont pu voir des ours au milieu du parc nanc\u00e9ien. Inoccup\u00e9e par des animaux depuis plus d\u2019une dizaine d\u2019ann\u00e9es,<strong> la fosse aux ours va \u00eatre transform\u00e9e pour devenir une voli\u00e8re<\/strong>, comme cela avait \u00e9t\u00e9 vot\u00e9 lors du <a href=\"https:\/\/actu.fr\/grand-est\/nancy_54395\/vegetalisation-renovation-de-l-espace-animalier-de-la-pepiniere-voici-7-projets-a-venir-a-nancy_58516550.html\" target=\"_blank\" rel=\"noopener\">budget participatif 2023<\/a>.<\/p>\n<p class=\" wall-content\">D\u2019une superficie de 250 m\u00b2, elle permettra d\u2019<strong>accueillir de nouvelles esp\u00e8ces d\u2019oiseaux domestiques<\/strong>, aujourd\u2019hui absentes sur le site. Cette voli\u00e8re pourra aussi servir \u00e0 confiner les animaux dans de bonnes conditions en cas de grippe aviaire.<\/p>\n<p class=\" wall-content\">Pour cr\u00e9er cette voli\u00e8re, l\u2019existant va \u00eatre conserv\u00e9 et sera compl\u00e9t\u00e9 par une structure m\u00e9tallique sur laquelle sera tendu un filet \u00e0 maille fine.<\/p>\n<p>Vid\u00e9os : en ce moment sur ActuLe rocher des macaques va \u00eatre d\u00e9truit<\/p>\n<p class=\" wall-content\">Abandonn\u00e9 depuis le d\u00e9part des singes en 2020, le rocher des macaques va \u00eatre d\u00e9truit pour laisser place \u00e0 <strong>un enclos de contact de 500 m\u00b2<\/strong> <strong>o\u00f9 se trouveront des volailles domestiques<\/strong>.<\/p>\n<p class=\" wall-content\">Autrement dit\u2009: les visiteurs pourront suivre un cheminement pour approcher les animaux. L\u2019acc\u00e8s se fera uniquement sous la surveillance des soigneurs, sur des cr\u00e9neaux d\u00e9di\u00e9s.<\/p>\n<p class=\" wall-content\">\u00ab\u00a0Notre but est d\u2019accueillir <strong>des animaux rustiques pour les conserver et pour que ces esp\u00e8ces ne disparaissent pas<\/strong>, comme des oies d\u2019Alsace, des poules d\u2019Alsace ou des poules g\u00e9antes Brahma, explique Dahman Richter, conseiller municipal \u00e9cologiste d\u00e9l\u00e9gu\u00e9 aux droits et au bien-\u00eatre animal, \u00e0 la biodiversit\u00e9. C\u2019est aussi <strong>un outil p\u00e9dagogique<\/strong> et une forme de m\u00e9diation qui va nous permettre de faire de la sensibilisation sur le bien-\u00eatre animal\u00a0\u00bb.<\/p>\n<p>Des premiers oiseaux attendus d\u2019ici la fin de l\u2019ann\u00e9e 2025<\/p>\n<p class=\" wall-content\">D\u2019apr\u00e8s le calendrier pr\u00e9visionnel, les premiers oiseaux pourront \u00eatre accueillis au sein de la voli\u00e8re avant la fin de l\u2019ann\u00e9e 2025\u2009:<\/p>\n<ul class=\" wall-content\">\n<li>de juillet \u00e0 octobre 2025\u2009: travaux de la voli\u00e8re ;<\/li>\n<li>de janvier \u00e0 mars 2026\u2009: d\u00e9molition du rocher des macaques et am\u00e9nagements paysagers ;<\/li>\n<li>avril 2026\u2009: ouverture de l\u2019enclos de contact.<\/li>\n<\/ul>\n<p class=\" wall-content\">Ces transformations repr\u00e9sentent <strong>un investissement total de 450\u2009000\u00a0euros<\/strong>. \u00ab\u2009\u00c7a fait plus de 40\u00a0ans qu\u2019il n\u2019y avait pas eu autant d\u2019argent pour l\u2019espace animalier\u2009\u00bb, selon l\u2019\u00e9lu.<\/p>\n<p class=\" wall-content\">Suivez toute l\u2019actualit\u00e9 de vos villes et m\u00e9dias favoris en vous inscrivant \u00e0 <a href=\"https:\/\/moncompte.actu.fr\" title=\"D\u00e9couvez Mon Actu\" rel=\"nofollow noopener\" data-trk=\"{&quot;cta&quot;:{&quot;action&quot;:&quot;https:\\\/\\\/moncompte.actu.fr&quot;,&quot;category&quot;:&quot;mon compte&quot;,&quot;from&quot;:&quot;article footer&quot;,&quot;name&quot;:&quot;Mon actu&quot;,&quot;type&quot;:&quot;cta&quot;}}\" target=\"_blank\">Mon Actu<\/a>.<\/p>\n<ul class=\"ac-article-tag wall-content\">\n<li><a href=\"https:\/\/actu.fr\/tag\/animaux\" data-trk=\"{&quot;cta&quot;:{&quot;action&quot;:&quot;Animaux&quot;,&quot;category&quot;:&quot;tag&quot;,&quot;from&quot;:&quot;article footer&quot;,&quot;name&quot;:&quot;Animaux&quot;,&quot;type&quot;:&quot;cta&quot;}}\" target=\"_blank\" rel=\"noopener\">#Animaux<\/a><\/li>\n<li><a href=\"https:\/\/actu.fr\/tag\/parc-de-la-pepiniere\" data-trk=\"{&quot;cta&quot;:{&quot;action&quot;:&quot;Parc de la P\\u00e9pini\\u00e8re&quot;,&quot;category&quot;:&quot;tag&quot;,&quot;from&quot;:&quot;article footer&quot;,&quot;name&quot;:&quot;Parc de la P\\u00e9pini\\u00e8re&quot;,&quot;type&quot;:&quot;cta&quot;}}\" target=\"_blank\" rel=\"noopener\">#Parc de la P\u00e9pini\u00e8re<\/a><\/li>\n<\/ul>\n","protected":false},"excerpt":{"rendered":"Par Paul-Emile Bouchy Publi\u00e9 le 25 juin 2025 \u00e0 14h56 Depuis le d\u00e9but du mandat de Mathieu Klein&hellip;\n","protected":false},"author":2,"featured_media":204800,"comment_status":"","ping_status":"","sticky":false,"template":"","format":"standard","meta":{"footnotes":""},"categories":[9635],"tags":[1111,11,1867,1777,674,1011,27,775,1702,12,11014,25,104],"class_list":{"0":"post-204799","1":"post","2":"type-post","3":"status-publish","4":"format-standard","5":"has-post-thumbnail","7":"category-nancy","8":"tag-actu","9":"tag-actualites","10":"tag-animaux","11":"tag-eu","12":"tag-europe","13":"tag-fr","14":"tag-france","15":"tag-grand-est","16":"tag-nancy","17":"tag-news","18":"tag-parc-de-la-pepiniere","19":"tag-republique-francaise","20":"tag-societe"},"share_on_mastodon":{"url":"https:\/\/pubeurope.com\/@fr\/114747526650243103","error":""},"_links":{"self":[{"href":"https:\/\/www.europesays.com\/fr\/wp-json\/wp\/v2\/posts\/204799","targetHints":{"allow":["GET"]}}],"collection":[{"href":"https:\/\/www.europesays.com\/fr\/wp-json\/wp\/v2\/posts"}],"about":[{"href":"https:\/\/www.europesays.com\/fr\/wp-json\/wp\/v2\/types\/post"}],"author":[{"embeddable":true,"href":"https:\/\/www.europesays.com\/fr\/wp-json\/wp\/v2\/users\/2"}],"replies":[{"embeddable":true,"href":"https:\/\/www.europesays.com\/fr\/wp-json\/wp\/v2\/comments?post=204799"}],"version-history":[{"count":0,"href":"https:\/\/www.europesays.com\/fr\/wp-json\/wp\/v2\/posts\/204799\/revisions"}],"wp:featuredmedia":[{"embeddable":true,"href":"https:\/\/www.europesays.com\/fr\/wp-json\/wp\/v2\/media\/204800"}],"wp:attachment":[{"href":"https:\/\/www.europesays.com\/fr\/wp-json\/wp\/v2\/media?parent=204799"}],"wp:term":[{"taxonomy":"category","embeddable":true,"href":"https:\/\/www.europesays.com\/fr\/wp-json\/wp\/v2\/categories?post=204799"},{"taxonomy":"post_tag","embeddable":true,"href":"https:\/\/www.europesays.com\/fr\/wp-json\/wp\/v2\/tags?post=204799"}],"curies":[{"name":"wp","href":"https:\/\/api.w.org\/{rel}","templated":true}]}}