{"id":204801,"date":"2025-06-26T03:24:18","date_gmt":"2025-06-26T03:24:18","guid":{"rendered":"https:\/\/www.europesays.com\/fr\/204801\/"},"modified":"2025-06-26T03:24:18","modified_gmt":"2025-06-26T03:24:18","slug":"les-parcs-et-jardins-ouvriront-plus-tard-que-dhabitude-jeudi-voici-pourquoi","status":"publish","type":"post","link":"https:\/\/www.europesays.com\/fr\/204801\/","title":{"rendered":"les parcs et jardins ouvriront plus tard que d&rsquo;habitude jeudi, voici pourquoi"},"content":{"rendered":"<p>            Par<br \/>\n        <strong><br \/>\n            <a href=\"https:\/\/actu.fr\/auteur\/amandine-mehl\" title=\"Consulter tous les articles de Amandine Mehl\" rel=\"nofollow noopener\" target=\"_blank\">Amandine Mehl<\/a><br \/>\n        <\/strong><\/p>\n<p>        Publi\u00e9 le<\/p>\n<p>            25 juin 2025 \u00e0 14h53        <\/p>\n<p>Via un communiqu\u00e9 de presse, la Ville de Nancy annonce que les <strong>parcs et jardins<\/strong> <strong>ouvriront un peu plus tard que d\u2019habitude<\/strong> jeudi 26\u00a0juin 2025.<\/p>\n<p class=\" wall-content\">Elle ajoute que la <a href=\"https:\/\/actu.fr\/grand-est\/nancy_54395\/nouveaute-horaires-lieux-voici-tout-ce-qu-il-faut-savoir-sur-le-retour-des-guinguettes-cet-ete-a-nancy_62732405.html\" rel=\"nofollow noopener\" target=\"_blank\">guinguette<\/a> de la <a href=\"https:\/\/actu.fr\/grand-est\/nancy_54395\/la-plage-des-deux-rives-revient-cet-ete-a-nancy-ce-qu-il-faut-savoir-de-l-edition-2025_62587188.html\" rel=\"nofollow noopener\" target=\"_blank\">Plage des Deux Rives<\/a> <strong>fermera quant \u00e0 elle une demi-heure plus t\u00f4t<\/strong> ce mercredi, soit \u00e0 23h. On vous explique pourquoi.<\/p>\n<p>Des orages violents vont toucher la Lorraine<\/p>\n<p class=\" wall-content\">Apr\u00e8s de <strong>belles journ\u00e9es ensoleill\u00e9es<\/strong>, des <a href=\"https:\/\/actu.fr\/meteo\/orages-violents-vent-a-120-km-h-grele-la-vigilance-orange-activee-mercredi-presque-tout-le-pays-en-jaune_62817067.html\" rel=\"nofollow noopener\" target=\"_blank\">orages violents<\/a> s\u2019appr\u00eatent \u00e0 frapper une grande partie de la France ce mercredi 25\u00a0juin 2025. La Lorraine, plac\u00e9e en <strong>vigilance jaune<\/strong> par <a href=\"https:\/\/actu.fr\/tag\/meteo-france\" rel=\"nofollow noopener\" target=\"_blank\">M\u00e9t\u00e9o France<\/a>, n\u2019y \u00e9chappera pas. Des <a href=\"https:\/\/actu.fr\/tag\/orages\" rel=\"nofollow noopener\" target=\"_blank\">orages<\/a> sont en effet attendus dans la soir\u00e9e et dans la nuit.<\/p>\n<p class=\" wall-content\">En ce sens, et en raison du <strong>vent<\/strong> attendu entre 23h et 2h du matin, des <strong>rafales jusqu\u2019\u00e0 80 km\/h<\/strong>, les agents de la Ville doivent proc\u00e9der \u00e0 des <strong>v\u00e9rifications<\/strong> avant l\u2019ouverture des parcs et jardins \u00ab\u2009afin de s\u2019assurer que les conditions d\u2019accueil du grand public sont optimales et s\u00e9curis\u00e9es\u2009\u00bb.<\/p>\n<p class=\" wall-content\">Suivez toute l\u2019actualit\u00e9 de vos villes et m\u00e9dias favoris en vous inscrivant \u00e0 <a href=\"https:\/\/moncompte.actu.fr\" title=\"D\u00e9couvez Mon Actu\" rel=\"nofollow noopener\" data-trk=\"{&quot;cta&quot;:{&quot;action&quot;:&quot;https:\\\/\\\/moncompte.actu.fr&quot;,&quot;category&quot;:&quot;mon compte&quot;,&quot;from&quot;:&quot;article footer&quot;,&quot;name&quot;:&quot;Mon actu&quot;,&quot;type&quot;:&quot;cta&quot;}}\" target=\"_blank\">Mon Actu<\/a>.<\/p>\n","protected":false},"excerpt":{"rendered":"Par Amandine Mehl Publi\u00e9 le 25 juin 2025 \u00e0 14h53 Via un communiqu\u00e9 de presse, la Ville de&hellip;\n","protected":false},"author":2,"featured_media":204802,"comment_status":"","ping_status":"","sticky":false,"template":"","format":"standard","meta":{"footnotes":""},"categories":[9635],"tags":[1111,11,1777,674,1011,27,775,2357,1702,12,4594,25,104],"class_list":{"0":"post-204801","1":"post","2":"type-post","3":"status-publish","4":"format-standard","5":"has-post-thumbnail","7":"category-nancy","8":"tag-actu","9":"tag-actualites","10":"tag-eu","11":"tag-europe","12":"tag-fr","13":"tag-france","14":"tag-grand-est","15":"tag-meteo-france","16":"tag-nancy","17":"tag-news","18":"tag-orages","19":"tag-republique-francaise","20":"tag-societe"},"share_on_mastodon":{"url":"https:\/\/pubeurope.com\/@fr\/114747530546187093","error":""},"_links":{"self":[{"href":"https:\/\/www.europesays.com\/fr\/wp-json\/wp\/v2\/posts\/204801","targetHints":{"allow":["GET"]}}],"collection":[{"href":"https:\/\/www.europesays.com\/fr\/wp-json\/wp\/v2\/posts"}],"about":[{"href":"https:\/\/www.europesays.com\/fr\/wp-json\/wp\/v2\/types\/post"}],"author":[{"embeddable":true,"href":"https:\/\/www.europesays.com\/fr\/wp-json\/wp\/v2\/users\/2"}],"replies":[{"embeddable":true,"href":"https:\/\/www.europesays.com\/fr\/wp-json\/wp\/v2\/comments?post=204801"}],"version-history":[{"count":0,"href":"https:\/\/www.europesays.com\/fr\/wp-json\/wp\/v2\/posts\/204801\/revisions"}],"wp:featuredmedia":[{"embeddable":true,"href":"https:\/\/www.europesays.com\/fr\/wp-json\/wp\/v2\/media\/204802"}],"wp:attachment":[{"href":"https:\/\/www.europesays.com\/fr\/wp-json\/wp\/v2\/media?parent=204801"}],"wp:term":[{"taxonomy":"category","embeddable":true,"href":"https:\/\/www.europesays.com\/fr\/wp-json\/wp\/v2\/categories?post=204801"},{"taxonomy":"post_tag","embeddable":true,"href":"https:\/\/www.europesays.com\/fr\/wp-json\/wp\/v2\/tags?post=204801"}],"curies":[{"name":"wp","href":"https:\/\/api.w.org\/{rel}","templated":true}]}}