{"id":204804,"date":"2025-06-26T03:26:44","date_gmt":"2025-06-26T03:26:44","guid":{"rendered":"https:\/\/www.europesays.com\/fr\/204804\/"},"modified":"2025-06-26T03:26:44","modified_gmt":"2025-06-26T03:26:44","slug":"tous-en-blanc-pour-la-demi-finale-face-a-toulon-actualites-union-bordeaux-begles-ubb-rugby","status":"publish","type":"post","link":"https:\/\/www.europesays.com\/fr\/204804\/","title":{"rendered":"Tous en Blanc pour la demi-finale face \u00e0 Toulon ! &#8211; Actualit\u00e9s &#8211; Union Bordeaux B\u00e8gles (UBB Rugby)"},"content":{"rendered":"<p>                    Tous en blanc cette semaine pour soutenir notre \u00e9quipe avant la\u00a0demi-finale\u00a0face\u00a0\u00e0 Toulon\u00a0au Groupama Stadium de Lyon !<\/p>\n<p>Ce samedi 21 juin \u00e0 21h05,\u00a0l&rsquo;UBB affronte\u00a0le Rugby Club Toulonnais\u00a0<strong>au\u00a0Groupama Stadium de Lyon\u00a0!<\/strong>\u00a0Une <strong>demi-finale de Top 14<\/strong> durant laquelle nous allons avoir besoin de tout votre soutien afin de venir \u00e0 bout des varois. Nous vous invitons \u00e0 vous <strong>parer de blanc<\/strong> pour ce grand rendez-vous !<\/p>\n<p><img loading=\"lazy\" decoding=\"async\" src=\"https:\/\/www.europesays.com\/fr\/wp-content\/uploads\/2025\/06\/ICONSPORT_241637_0076.jpg\" alt=\"\" width=\"1200\" height=\"1200\"\/><br \/>\nDress code : Tous en Blanc<\/p>\n<p>Pour cela <strong>un seul mot d&rsquo;ordre : le Blanc<\/strong>. <strong>Mettez vous aux couleurs de notre \u00e9quipe<\/strong>\u00a0pour cette phase finale de Top 14, en adoptant\u00a0le\u00a0<strong>dress code<\/strong><strong> Tous en Blanc<\/strong>\u00a0!<\/p>\n<p>N&rsquo;h\u00e9sitez pas \u00e9galement \u00e0 <strong>afficher votre soutien <\/strong>\u00e0 vos joueurs<strong> en installant drapeaux, fanions ou banderoles \u00e0 vos fen\u00eatres et sur vos fa\u00e7ades.<\/strong><\/p>\n<p><img loading=\"lazy\" decoding=\"async\" src=\"https:\/\/www.europesays.com\/fr\/wp-content\/uploads\/2025\/06\/2-Public (24).jpg\" alt=\"\" width=\"1200\" height=\"1200\"\/><\/p>\n<p>Pour les supporters faisant le d\u00e9placement \u00e0 Lyon ce week-end, <strong>habillez vous en blanc<\/strong>\u00a0et pensez \u00e9galement \u00e0<strong>\u00a0<\/strong><strong>amener vos drapeaux !<\/strong><\/p>\n<p>Bien s\u00fbr faites de m\u00eame si vous avez pr\u00e9vu de vous rendre dans nos bars <strong>\u00ab\u00a0QG UBB\u00a0\u00bb !<\/strong><\/p>\n<p><img loading=\"lazy\" decoding=\"async\" src=\"https:\/\/www.europesays.com\/fr\/wp-content\/uploads\/2025\/06\/drapeau-demi-ubbrct-16x9.png\" alt=\"\" width=\"1200\" height=\"1200\"\/><\/p>\n<p>C\u00d4T\u00c9 BOUTIQUE<\/p>\n<p>Pour respecter le dress code<strong> Tous en Blanc<\/strong>, notre <strong>Collection sp\u00e9ciale phase finale de Top 14<\/strong><strong>\u00a0\u00ab\u00a0Tous Unis\u00a0\u00bb<\/strong>\u00a0est disponible d\u00e8s maintenant dans notre boutique de<strong>\u00a0l\u2019UBB Store<\/strong>\u00a0sur les quais des Chartrons (Bord&rsquo;eau Village).\u00a0<\/p>\n<p><a href=\"https:\/\/shop.ubbrugby.com\/fr\/accueil\/1288-5560-t-shirt-tous-unis-ubb.html#\/42-taille-xs\" rel=\"nofollow noopener\" target=\"_blank\"><img loading=\"lazy\" decoding=\"async\" src=\"https:\/\/www.europesays.com\/fr\/wp-content\/uploads\/2025\/06\/1920x1080.jpg\" alt=\"\" width=\"782\" height=\"440\"\/><\/a><\/p>\n<p style=\"text-align: center;\">Sinon rendez-vous d\u00e8s maintenant sur notre boutique en ligne :<\/p>\n<p style=\"text-align: center;\"><a class=\"btn\" href=\"https:\/\/shop.ubbrugby.com\/fr\/accueil\/1288-5560-t-shirt-tous-unis-ubb.html#\/42-taille-xs\" target=\"_blank\" rel=\"nofollow noopener\">LA collection<\/a><\/p>\n<p>Nos<strong> Maillots Territoire<\/strong>\u00a0sont \u00e9galement<strong> disponibles dans toutes\u00a0les tailles en version replicas (adultes et enfants)\u00a0et supporters (hommes et femmes) :<\/strong><\/p>\n<p><img loading=\"lazy\" decoding=\"async\" src=\"https:\/\/www.europesays.com\/fr\/wp-content\/uploads\/2025\/06\/DSC01151.jpg\" alt=\"\" width=\"1200\" height=\"1200\"\/><\/p>\n<p style=\"text-align: center;\"><a class=\"btn\" href=\"https:\/\/shop.ubbrugby.com\/fr\/38-exterieur\" target=\"_blank\" rel=\"nofollow noopener\">LE MAILLOT territoire*<\/a><\/p>\n<p>\u00a0*maillot replica \u00e0 85\u20ac<\/p>\n","protected":false},"excerpt":{"rendered":"Tous en blanc cette semaine pour soutenir notre \u00e9quipe avant la\u00a0demi-finale\u00a0face\u00a0\u00e0 Toulon\u00a0au Groupama Stadium de Lyon ! Ce&hellip;\n","protected":false},"author":2,"featured_media":204805,"comment_status":"","ping_status":"","sticky":false,"template":"","format":"standard","meta":{"footnotes":""},"categories":[9619],"tags":[1111,47,11,4402,1997,4404,4401,4356,4400,4357,1983,1777,674,1011,27,1987,1114,2947,955,12,4048,882,25,479,517,2858,478,2310,4364,4403,1264],"class_list":{"0":"post-204804","1":"post","2":"type-post","3":"status-publish","4":"format-standard","5":"has-post-thumbnail","7":"category-toulon","8":"tag-actu","9":"tag-actualite","10":"tag-actualites","11":"tag-begles","12":"tag-bordeaux","13":"tag-chaban","14":"tag-challenge-cup","15":"tag-coronavirus","16":"tag-covid","17":"tag-covid-19","18":"tag-essai","19":"tag-eu","20":"tag-europe","21":"tag-fr","22":"tag-france","23":"tag-girondins","24":"tag-infos","25":"tag-lnr","26":"tag-match","27":"tag-news","28":"tag-presse","29":"tag-provence-alpes-cote-dazur","30":"tag-republique-francaise","31":"tag-rugby","32":"tag-sport","33":"tag-stade","34":"tag-top-14","35":"tag-toulon","36":"tag-ubb","37":"tag-union","38":"tag-victoire"},"share_on_mastodon":{"url":"https:\/\/pubeurope.com\/@fr\/114747538519183409","error":""},"_links":{"self":[{"href":"https:\/\/www.europesays.com\/fr\/wp-json\/wp\/v2\/posts\/204804","targetHints":{"allow":["GET"]}}],"collection":[{"href":"https:\/\/www.europesays.com\/fr\/wp-json\/wp\/v2\/posts"}],"about":[{"href":"https:\/\/www.europesays.com\/fr\/wp-json\/wp\/v2\/types\/post"}],"author":[{"embeddable":true,"href":"https:\/\/www.europesays.com\/fr\/wp-json\/wp\/v2\/users\/2"}],"replies":[{"embeddable":true,"href":"https:\/\/www.europesays.com\/fr\/wp-json\/wp\/v2\/comments?post=204804"}],"version-history":[{"count":0,"href":"https:\/\/www.europesays.com\/fr\/wp-json\/wp\/v2\/posts\/204804\/revisions"}],"wp:featuredmedia":[{"embeddable":true,"href":"https:\/\/www.europesays.com\/fr\/wp-json\/wp\/v2\/media\/204805"}],"wp:attachment":[{"href":"https:\/\/www.europesays.com\/fr\/wp-json\/wp\/v2\/media?parent=204804"}],"wp:term":[{"taxonomy":"category","embeddable":true,"href":"https:\/\/www.europesays.com\/fr\/wp-json\/wp\/v2\/categories?post=204804"},{"taxonomy":"post_tag","embeddable":true,"href":"https:\/\/www.europesays.com\/fr\/wp-json\/wp\/v2\/tags?post=204804"}],"curies":[{"name":"wp","href":"https:\/\/api.w.org\/{rel}","templated":true}]}}