{"id":204806,"date":"2025-06-26T03:27:10","date_gmt":"2025-06-26T03:27:10","guid":{"rendered":"https:\/\/www.europesays.com\/fr\/204806\/"},"modified":"2025-06-26T03:27:10","modified_gmt":"2025-06-26T03:27:10","slug":"figures-in-extinction-leblouissant-manifeste-du-nederlands-dans-theater","status":"publish","type":"post","link":"https:\/\/www.europesays.com\/fr\/204806\/","title":{"rendered":"\u00ab\u00a0Figures in Extinction\u00a0\u00bb, l&rsquo;\u00e9blouissant manifeste du Nederlands Dans Theater"},"content":{"rendered":"<p>            Par<br \/>\n        <strong><br \/>\n            <a href=\"https:\/\/actu.fr\/auteur\/g-martin\" title=\"Consulter tous les articles de Gil Martin\" target=\"_blank\" rel=\"noopener\">Gil Martin<\/a><br \/>\n        <\/strong><\/p>\n<p>        Publi\u00e9 le<\/p>\n<p>            25 juin 2025 \u00e0 15h31        <\/p>\n<p>C\u2019est un pari audacieux du <strong>Nederlands Dans Theater<\/strong>\u00a0: associer la chor\u00e9graphe canadienne <strong>Crystal Pite<\/strong>, elle-m\u00eame associ\u00e9e \u00e0 la prestigieuse compagnie depuis 2008, \u00e0 l\u2019\u00e9crivain, acteur et metteur en sc\u00e8ne anglais <strong>Simon McBurney<\/strong> pour cr\u00e9er un spectacle unique, con\u00e7u comme une sorte de grand manifeste \u00e9cologique, une oeuvre qui interroge chaque spectateur sur notre avenir li\u00e9 \u00e0 celui d\u2019une plan\u00e8te agonisante\u2026<\/p>\n<p>Quatre ans de collaboration<\/p>\n<p class=\" wall-content\">\u00ab\u00a0Pendant quatre ans, les deux artistes ont r\u00e9fl\u00e9chi ensemble, ils ont \u00e9chang\u00e9, discut\u00e9 de leurs peurs et leurs espoirs <strong>face aux crises climatiques et environnementales<\/strong>, mais aussi sociales que la destruction de la plan\u00e8te entra\u00eene \u00bb, explique <strong>Emily Molnar,<\/strong> directrice artistique du Nederlands Dans Theater, pr\u00e9sente ce mercredi matin \u00e0 Montpellier : \u00ab De cette collaboration crois\u00e9e est n\u00e9e la pi\u00e8ce \u00ab\u00a0<strong>Figures in Extinction\u00a0\u00bb<\/strong> qui est donc pr\u00e9sent\u00e9e cette semaine \u00e0 Montpellier Danse \u00bb.<\/p>\n<p>Des danseurs virtuoses<\/p>\n<p class=\" wall-content\">Cette pi\u00e8ce est une trilogie narrant, en trois actes (Figures in Extinction 1, 2 et 3) les grandes vagues d\u2019extinction qui frappent notre \u00e9poque, interpr\u00e9t\u00e9e ici <strong>par les 23 danseuses et danseurs virtuoses du Nederlands<\/strong>. \u00ab Crystal et Simon ont chacun \u00e9crit une pi\u00e8ce, et ils ont co-\u00e9crit la troisi\u00e8me qui cl\u00f4ture cette trilogie extraordinaire qui m\u00eale intimement mouvements, voix et images projet\u00e9es \u00bb, pr\u00e9cise Emily Molnar.<\/p>\n<blockquote class=\"ac-article-quote wall-content\">\n<p>\u00ab\u00a0Avec la troupe du Nederlands Dans Theater, Crystal Pite et Simon McBurney livrent une pi\u00e8ce aussi hallucinante qu\u2019\u00e9blouissante\u00a0\u00bb<\/p>\n<p>    <strong>Montpellier Danse<\/strong>\n            <\/p><\/blockquote>\n<p class=\" wall-content\">Pr\u00e9sent\u00e9 en f\u00e9vrier dernier, la pi\u00e8ce <strong>a fait vibrer le public<\/strong>, notamment celui du th\u00e9\u00e2tre de Caillot \u00e0 Paris\u00a0: \u00ab\u00a0Figures in Extinction mobilise les moyens de la danse et du th\u00e9\u00e2tre en u<strong>ne s\u00e9rie de visions d\u2019une grande puissance esth\u00e9tique<\/strong>, o\u00f9 appara\u00eet un lit d\u2019h\u00f4pital et o\u00f9 l\u2019expressivit\u00e9 des corps est pouss\u00e9e \u00e0 son maximum\u00a0\u00bb, commente le th\u00e9\u00e2tre parisien, qui a bien per\u00e7u la d\u00e9marche des deux artistes\u00a0: par le jeu des corps en mouvements, essayer de r\u00e9pondre \u00e0 des questions essentielles\u00a0: \u00ab\u00a0pouvons-nous esp\u00e9rer donner un nom \u00e0 tout ce que nous perdons ? Que signifie accepter d\u2019\u00eatre t\u00e9moin de la violence dans laquelle nous sommes \u00e0 la fois auteur et victime ? \u00bb.<\/p>\n<p>Vid\u00e9os : en ce moment sur Actu<br \/>\n    <img   decoding=\"async\" loading=\"lazy\" src=\"https:\/\/www.europesays.com\/fr\/wp-content\/uploads\/2025\/06\/photo-mtp-danse-directrice-artistique-ndt-960x640.jpg\" alt=\"Emily Molnar, directrice artistique du Nederlands Dans Theater, pr\u00e9sente \u00e0 Montpellier pour les trois repr\u00e9sentations de \" width=\"960\" height=\"640\"\/><br \/>\n    Emily Molnar, directrice artistique du Nederlands Dans Theater, pr\u00e9sente \u00e0 Montpellier pour les trois repr\u00e9sentations de \u00ab\u00a0Figures in Extinction\u00a0\u00bb (\u00a9M\u00e9tropolitain)<br \/>\n    <a href=\"https:\/\/www.google.com\/maps\/embed?pb=!1m18!1m12!1m3!1d2888.705253447448!2d3.8794986757498457!3d43.61267827110411!2m3!1f0!2f0!3f0!3m2!1i1024!2i768!4f13.1!3m3!1m2!1s0x12b6af0b94e490fd%3A0x3cf7e3f07d11afd3!2sLe%20Corum!5e0!3m2!1sfr!2sfr!4v1750890201475!5m2!1sfr!2sfr\" title=\"Ouvrie le lien\" target=\"_blank\" rel=\"noopener\">Cliquez ici pour visualiser le contenu<\/a><\/p>\n<p>Une oeuvre forte au Corum<\/p>\n<p class=\" wall-content\">\u00ab Avec la troupe du Nederlands Dans Theater, Crystal Pite et Simon McBurney livrent <strong>une pi\u00e8ce aussi hallucinante qu\u2019\u00e9blouissante<\/strong> et subtile sur l\u2019extinction des esp\u00e8ces \u00bb, indique Montpellier Danse, ravi de la collaboration et des liens d\u2019amiti\u00e9 entretenu avec le NDT (Montpellier Danse a co-produit cette oeuvre ) : \u00ab Figures in Extinction [1.0] parle de l\u2019effondrement de la biodiversit\u00e9 et de la crise climatique, tandis que le chapitre [2.0] s\u2019int\u00e9resse \u00e0 notre hyper connexion conjointe \u00e0 notre d\u00e9connexion de la nature et de nos cong\u00e9n\u00e8res\u2026 La troisi\u00e8me partie offrira une lueur d\u2019espoir dans ce monde en train de s\u2019\u00e9teindre \u00bb, commente Montpellier Danse.<\/p>\n<blockquote class=\"ac-article-quote wall-content\">\n<p>\u00ab\u00a0Il y a une urgence, une fulgurance permanente dans une \u00e9criture d\u2019une fluidit\u00e9 exceptionnelle\u00a0\u00bb<\/p>\n<p>    <strong\/>\n            <\/p><\/blockquote>\n<p class=\" wall-content\">Le festival \u00e9voque quelques visions sc\u00e9niques de ce spectacle tr\u00e8s attendu : \u00ab Nu\u00e9es d\u2019oiseaux, bouc fabuleux, orchid\u00e9e fant\u00f4me, animaux anciens et chim\u00e8res, hantent la premi\u00e8re partie sur une partition sonore de fonte des glaciers et bruit des profondeurs. Dans la seconde, hommes et femmes jouent sur l\u2019acc\u00e9l\u00e9ration des gestes comme autant de donn\u00e9es qui d\u00e9filent et r\u00e9v\u00e8lent l\u2019incapacit\u00e9 \u00e0 se mouvoir comme \u00e0 s\u2019\u00e9mouvoir face \u00e0 la catastrophe annonc\u00e9e dans une chor\u00e9graphie d\u2019une puissance peu commune, o\u00f9 les corps deviennent mati\u00e8re, ressac, chant. La gestuelle s\u2019emballe jusqu\u2019\u00e0 devenir l\u2019\u00e9tranget\u00e9 elle-m\u00eame. Il y a une urgence, une fulgurance permanente dans une \u00e9criture d\u2019une fluidit\u00e9 exceptionnelle \u00bb.<\/p>\n<p class=\" wall-content\">Dans la troisi\u00e8me partie, les deux artistes laissent parler l\u2019espoir dans une chor\u00e9graphie toujours magnifie par la troupe du NDT. Alors, face aux menaces, peut-on esp\u00e9rer ? Puisque la temp\u00e9rature monte, il n\u2019est pas vain de se laisser \u00e9blouir. R\u00e9ponses sur la sc\u00e8ne du Corum \u00e0 partir de ce mercredi 25 juin.<\/p>\n<p><strong>Infos pratiques\u00a0:<\/strong><br \/>\n\u00ab\u00a0Figures in Extinction\u00a0\u00bb (cr\u00e9ation mondiale)<br \/>\nDe Crystal Pite &amp; Simon McBurney<br \/>\nPar le Nederlands Dans Theater &amp; Complicit\u00e9\u00a0\u00a0\u00a0\u00a0\u00a0\u00a0\u00a0\u00a0\u00a0\u00a0\u00a0\u00a0\u00a0\u00a0<br \/>\nPi\u00e8ce en trois parties pour 23 danseurs<br \/>\nMer. 25 \/ Jeu. 26 \/ Ven. 27 juin \u00e0 20h<br \/>\nOp\u00e9ra Berlioz \/ Le Corum<br \/>\nPlus d\u2019infos :<a href=\"http:\/\/www.montpellierdanse.com\/\" target=\"_blank\" rel=\"noopener\"> www.montpellierdanse.com\/<\/a><\/p>\n<p class=\" wall-content\">.<\/p>\n<p class=\" wall-content\">Suivez toute l\u2019actualit\u00e9 de vos villes et m\u00e9dias favoris en vous inscrivant \u00e0 <a href=\"https:\/\/moncompte.actu.fr\" title=\"D\u00e9couvez Mon Actu\" rel=\"nofollow noopener\" data-trk=\"{&quot;cta&quot;:{&quot;action&quot;:&quot;https:\\\/\\\/moncompte.actu.fr&quot;,&quot;category&quot;:&quot;mon compte&quot;,&quot;from&quot;:&quot;article footer&quot;,&quot;name&quot;:&quot;Mon actu&quot;,&quot;type&quot;:&quot;cta&quot;}}\" target=\"_blank\">Mon Actu<\/a>.<\/p>\n","protected":false},"excerpt":{"rendered":"Par Gil Martin Publi\u00e9 le 25 juin 2025 \u00e0 15h31 C\u2019est un pari audacieux du Nederlands Dans Theater\u00a0:&hellip;\n","protected":false},"author":2,"featured_media":204807,"comment_status":"","ping_status":"","sticky":false,"template":"","format":"standard","meta":{"footnotes":""},"categories":[9599],"tags":[1111,11,5972,1777,674,1011,27,1652,2208,12,2680,25],"class_list":{"0":"post-204806","1":"post","2":"type-post","3":"status-publish","4":"format-standard","5":"has-post-thumbnail","7":"category-montpellier","8":"tag-actu","9":"tag-actualites","10":"tag-danse","11":"tag-eu","12":"tag-europe","13":"tag-fr","14":"tag-france","15":"tag-loisirs-culture","16":"tag-montpellier","17":"tag-news","18":"tag-occitanie","19":"tag-republique-francaise"},"share_on_mastodon":{"url":"https:\/\/pubeurope.com\/@fr\/114747542330008113","error":""},"_links":{"self":[{"href":"https:\/\/www.europesays.com\/fr\/wp-json\/wp\/v2\/posts\/204806","targetHints":{"allow":["GET"]}}],"collection":[{"href":"https:\/\/www.europesays.com\/fr\/wp-json\/wp\/v2\/posts"}],"about":[{"href":"https:\/\/www.europesays.com\/fr\/wp-json\/wp\/v2\/types\/post"}],"author":[{"embeddable":true,"href":"https:\/\/www.europesays.com\/fr\/wp-json\/wp\/v2\/users\/2"}],"replies":[{"embeddable":true,"href":"https:\/\/www.europesays.com\/fr\/wp-json\/wp\/v2\/comments?post=204806"}],"version-history":[{"count":0,"href":"https:\/\/www.europesays.com\/fr\/wp-json\/wp\/v2\/posts\/204806\/revisions"}],"wp:featuredmedia":[{"embeddable":true,"href":"https:\/\/www.europesays.com\/fr\/wp-json\/wp\/v2\/media\/204807"}],"wp:attachment":[{"href":"https:\/\/www.europesays.com\/fr\/wp-json\/wp\/v2\/media?parent=204806"}],"wp:term":[{"taxonomy":"category","embeddable":true,"href":"https:\/\/www.europesays.com\/fr\/wp-json\/wp\/v2\/categories?post=204806"},{"taxonomy":"post_tag","embeddable":true,"href":"https:\/\/www.europesays.com\/fr\/wp-json\/wp\/v2\/tags?post=204806"}],"curies":[{"name":"wp","href":"https:\/\/api.w.org\/{rel}","templated":true}]}}