{"id":204816,"date":"2025-06-26T03:35:18","date_gmt":"2025-06-26T03:35:18","guid":{"rendered":"https:\/\/www.europesays.com\/fr\/204816\/"},"modified":"2025-06-26T03:35:18","modified_gmt":"2025-06-26T03:35:18","slug":"a-cause-dun-bug-cet-habitant-de-strasbourg-recoit-des-pv-de-stationnement-en-serie-cest-scandaleux","status":"publish","type":"post","link":"https:\/\/www.europesays.com\/fr\/204816\/","title":{"rendered":"\u00c0 cause d&rsquo;un bug, cet habitant de Strasbourg re\u00e7oit des PV de stationnement en s\u00e9rie : \u00ab\u00a0C&rsquo;est scandaleux\u00a0\u00bb"},"content":{"rendered":"<p>            Par<br \/>\n        <strong><br \/>\n            <a href=\"https:\/\/actu.fr\/auteur\/ivan-capecchi\" title=\"Consulter tous les articles de Ivan CAPECCHI\" target=\"_blank\" rel=\"noopener\">Ivan CAPECCHI<\/a><br \/>\n        <\/strong><\/p>\n<p>        Publi\u00e9 le<\/p>\n<p>            25 juin 2025 \u00e0 18h28<br \/>\n        ; mis \u00e0 jour le 25 juin 2025 \u00e0 19h47    <\/p>\n<p>Mickael, un habitant du <a href=\"https:\/\/actu.fr\/grand-est\/strasbourg_67482\/dans-ce-beau-quartier-de-strasbourg-les-riches-sont-excessivement-riches-selon-un-recent-rapport_61152212.html\" target=\"_blank\" rel=\"noopener\">quartier de l\u2019Orangerie \u00e0 Strasbourg<\/a>, raconte avoir re\u00e7u <strong>une dizaine de PV injustifi\u00e9s<\/strong> depuis le d\u00e9but de cette ann\u00e9e, en raison d\u2019un <strong>dysfonctionnement du syst\u00e8me de contr\u00f4le du stationnement<\/strong>.<\/p>\n<p>Carte mobilit\u00e9 inclusion et stationnement r\u00e9sident<\/p>\n<p class=\" wall-content\">Lorsqu\u2019il accompagne sa grand-m\u00e8re, qui a des difficult\u00e9s \u00e0 se d\u00e9placer, Mickael utilise l\u2019<strong>application Streeteo<\/strong> pour d\u00e9clarer temporairement sa plaque comme associ\u00e9e \u00e0 une <strong>Carte mobilit\u00e9 inclusion (CMI)<\/strong>, ce qui permet de b\u00e9n\u00e9ficier du <strong>stationnement gratuit pour les personnes \u00e0 mobilit\u00e9 r\u00e9duite<\/strong>. Cette d\u00e9claration est valable jusqu\u2019\u00e0 19h.<\/p>\n<p class=\" wall-content\">Le probl\u00e8me survient lorsqu\u2019il retourne se garer pr\u00e8s de chez lui, dans sa propre zone r\u00e9sidentielle, avant 19h. \u00c0 ce moment-l\u00e0, Mickael ayant d\u00e9pos\u00e9 sa grand-m\u00e8re, il ne dispose plus de la version papier de la CMI, normalement plac\u00e9e au niveau du pare-brise. Le <strong>stationnement r\u00e9sident<\/strong>, qu\u2019il paie chaque mois, doit de toute fa\u00e7on s\u2019appliquer. Sauf que le syst\u00e8me de contr\u00f4le semble consid\u00e9rer uniquement son statut temporaire de titulaire CMI, sans reconna\u00eetre qu\u2019il dispose \u00e9galement d\u2019un droit au stationnement r\u00e9sident. R\u00e9sultat : <strong>le contr\u00f4leur constate l\u2019absence de CMI au niveau du pare-brise<\/strong> et Mickael re\u00e7oit des PV malgr\u00e9 son abonnement r\u00e9sident.<\/p>\n<p class=\" wall-content\">Mickael a remarqu\u00e9 que les PV avaient \u00e9t\u00e9 dress\u00e9s uniquement les jours o\u00f9 il avait associ\u00e9 sa plaque \u00e0 une CMI, c\u2019est donc bien ce qui semble cr\u00e9er ce bug.<\/p>\n<p>Gal\u00e8re administrative<\/p>\n<p class=\" wall-content\">\u00ab <strong>Je trouve \u00e7a scandaleux, <\/strong>car\u00a0\u00e7a ajoute des difficult\u00e9s aux accompagnants, on en vient \u00e0 se demander si \u00e7a vaut le coup d\u2019aider quelqu\u2019un \u00e0 aller faire ses courses, au risque de se prendre une <a href=\"https:\/\/actu.fr\/tag\/amendes\" target=\"_blank\" rel=\"noopener\">amende<\/a>\u2026 \u00bb, r\u00e9agit Mickael, qui explique faire face \u00e0 une <strong>gal\u00e8re administrative<\/strong> sans nom.<\/p>\n<p class=\" wall-content\">\u00ab Chaque fois, je dois <strong>prendre une photo du PV<\/strong>, envoyer la <strong>carte grise<\/strong>, <strong>r\u00e9-expliquer le probl\u00e8me<\/strong>, etc. Moi, je suis jeune donc \u00e7a va, j\u2019ai le temps, mais j\u2019imagine qu\u2019il y a des accompagnants plus \u00e2g\u00e9s, qui n\u2019ont pas le temps de faire des recours, ou alors qui n\u2019ont tout simplement pas fait le lien et paient des PV injustifi\u00e9s. En un sens, je me sens un peu chanceux dans ma situation \u00bb, d\u00e9veloppe-t-il.<\/p>\n<p>Absence de r\u00e9ponse<\/p>\n<p class=\" wall-content\">Mickael explique avoir \u00ab contact\u00e9 le service du <a href=\"https:\/\/actu.fr\/tag\/stationnement\" target=\"_blank\" rel=\"noopener\">stationnement<\/a> r\u00e9sident, qui a \u00e9t\u00e9 tr\u00e8s compr\u00e9hensif, mais n\u2019a pas pu [l]\u2019aider \u00bb. \u00ab J\u2019ai aussi envoy\u00e9 un mail \u00e0 Streeteo, mais je n\u2019ai pas eu de retour de leur part. \u00bb<\/p>\n<p class=\" wall-content\">\u00ab\u00a0Il y a vraisemblablement une probl\u00e9matique\u00a0\u00bb, reconna\u00eet Pierre Ozenne, adjoint \u00e0 la maire de Strasbourg en charge notamment du stationnement, qui semble d\u00e9couvrir le probl\u00e8me en m\u00eame temps que nous lui apprenons. Comme solution temporaire, il recommande \u00e0 Mickael d\u2019envisager de recourir au <a href=\"https:\/\/www.strasbourg.eu\/stationnement-visiteur\" target=\"_blank\" rel=\"noopener\">forfait aidant<\/a>, en lieu et place de l\u2019abonnement r\u00e9sident. Ce dernier permet de stationner dans la zone de r\u00e9sidence de la personne aid\u00e9e, ce qui est le cas de Mickael et de sa grand-m\u00e8re.<\/p>\n<p>Vers la fin de Streeteo<\/p>\n<p class=\" wall-content\">\u00c0 noter que, lors du dernier conseil municipal, les \u00e9lus ont \u00e9t\u00e9 invit\u00e9s \u00e0 se prononcer sur la <strong>cr\u00e9ation d\u2019une soci\u00e9t\u00e9 publique locale (SPL)<\/strong> pour l\u2019am\u00e9nagement, l\u2019entretien et la gestion du stationnement payant sur voirie, mettant fin au mod\u00e8le qui lui pr\u00e9-existait, \u00e0 savoir la d\u00e9l\u00e9gation de service public (DSP) g\u00e9r\u00e9e par l\u2019op\u00e9rateur <a href=\"https:\/\/actu.fr\/grand-est\/strasbourg_67482\/stationnement-a-strasbourg-6-choses-a-savoir-sur-la-fin-de-streeteo_61186029.html\" target=\"_blank\" rel=\"noopener\">Streeteo<\/a>. Le point a \u00e9t\u00e9 adopt\u00e9.<\/p>\n<p class=\" wall-content\">Le contrat avec Streeteo doit prendre fin <strong>en novembre 2025<\/strong>. \u00ab\u00a0Une fois que la SPL sera mise en place, nous aurons pleinement la main pour [r\u00e9soudre le genre de probl\u00e8mes techniques soulev\u00e9s par Mickael]\u00a0\u00bb, glisse M. Ozenne.<\/p>\n<p class=\" wall-content\">Suivez toute l\u2019actualit\u00e9 de vos villes et m\u00e9dias favoris en vous inscrivant \u00e0 <a href=\"https:\/\/moncompte.actu.fr\" title=\"D\u00e9couvez Mon Actu\" rel=\"nofollow noopener\" data-trk=\"{&quot;cta&quot;:{&quot;action&quot;:&quot;https:\\\/\\\/moncompte.actu.fr&quot;,&quot;category&quot;:&quot;mon compte&quot;,&quot;from&quot;:&quot;article footer&quot;,&quot;name&quot;:&quot;Mon actu&quot;,&quot;type&quot;:&quot;cta&quot;}}\" target=\"_blank\">Mon Actu<\/a>.<\/p>\n","protected":false},"excerpt":{"rendered":"Par Ivan CAPECCHI Publi\u00e9 le 25 juin 2025 \u00e0 18h28 ; mis \u00e0 jour le 25 juin 2025&hellip;\n","protected":false},"author":2,"featured_media":204817,"comment_status":"","ping_status":"","sticky":false,"template":"","format":"standard","meta":{"footnotes":""},"categories":[2820],"tags":[1111,11,7622,1777,674,1011,27,775,12,25,104,6173,640],"class_list":{"0":"post-204816","1":"post","2":"type-post","3":"status-publish","4":"format-standard","5":"has-post-thumbnail","7":"category-strasbourg","8":"tag-actu","9":"tag-actualites","10":"tag-amendes","11":"tag-eu","12":"tag-europe","13":"tag-fr","14":"tag-france","15":"tag-grand-est","16":"tag-news","17":"tag-republique-francaise","18":"tag-societe","19":"tag-stationnement","20":"tag-strasbourg"},"share_on_mastodon":{"url":"https:\/\/pubeurope.com\/@fr\/114747573884155110","error":""},"_links":{"self":[{"href":"https:\/\/www.europesays.com\/fr\/wp-json\/wp\/v2\/posts\/204816","targetHints":{"allow":["GET"]}}],"collection":[{"href":"https:\/\/www.europesays.com\/fr\/wp-json\/wp\/v2\/posts"}],"about":[{"href":"https:\/\/www.europesays.com\/fr\/wp-json\/wp\/v2\/types\/post"}],"author":[{"embeddable":true,"href":"https:\/\/www.europesays.com\/fr\/wp-json\/wp\/v2\/users\/2"}],"replies":[{"embeddable":true,"href":"https:\/\/www.europesays.com\/fr\/wp-json\/wp\/v2\/comments?post=204816"}],"version-history":[{"count":0,"href":"https:\/\/www.europesays.com\/fr\/wp-json\/wp\/v2\/posts\/204816\/revisions"}],"wp:featuredmedia":[{"embeddable":true,"href":"https:\/\/www.europesays.com\/fr\/wp-json\/wp\/v2\/media\/204817"}],"wp:attachment":[{"href":"https:\/\/www.europesays.com\/fr\/wp-json\/wp\/v2\/media?parent=204816"}],"wp:term":[{"taxonomy":"category","embeddable":true,"href":"https:\/\/www.europesays.com\/fr\/wp-json\/wp\/v2\/categories?post=204816"},{"taxonomy":"post_tag","embeddable":true,"href":"https:\/\/www.europesays.com\/fr\/wp-json\/wp\/v2\/tags?post=204816"}],"curies":[{"name":"wp","href":"https:\/\/api.w.org\/{rel}","templated":true}]}}