{"id":204820,"date":"2025-06-26T03:37:10","date_gmt":"2025-06-26T03:37:10","guid":{"rendered":"https:\/\/www.europesays.com\/fr\/204820\/"},"modified":"2025-06-26T03:37:10","modified_gmt":"2025-06-26T03:37:10","slug":"apologie-du-terrorisme-la-peine-de-la-militante-nicoise-propalestinienne-amira-zaiter-divisee-par-deux","status":"publish","type":"post","link":"https:\/\/www.europesays.com\/fr\/204820\/","title":{"rendered":"Apologie du terrorisme: la peine de la militante ni\u00e7oise propalestinienne Amira Zaiter divis\u00e9e par deux"},"content":{"rendered":"<p>\u00ab\u00a0On est satisfaits\u00a0\u00bb.\u00a0<a href=\"https:\/\/www.nicematin.com\/justice\/condamnee-a-un-an-de-prison-ferme-pour-apologie-du-terrorisme-la-militante-pro-palestinienne-sera-fixee-sur-son-sort-en-appel-le-14-mai-985113\" rel=\"nofollow noopener\" target=\"_blank\">Amira Zaiter, militante propalestinienne<\/a>, a vu sa peine pour \u00ab\u00a0apologie du terrorisme\u00a0\u00bb r\u00e9duite en appel, \u00e0 Aix-en-Provence (Bouches-du-Rh\u00f4ne), ce mercredi. En premi\u00e8re instance \u00e0 Nice, la cofondatrice de l\u2019association Nice \u00e0 Gaza, avait \u00e9t\u00e9 condamn\u00e9e le 4 novembre \u00e0 trois ans de prison, dont un an ferme.<\/p>\n<p>R\u00e9parer les parties civiles<\/p>\n<p>\u00ab\u00a0La cour a infirm\u00e9 le jugement de Nice en la condamnant \u00e0 dix-huit mois de prison dont six mois ferme\u00a0\u00bb, pr\u00e9cise son avocat ni\u00e7ois, Me Kada Sadouni. Une peine qu\u2019elle effectuera sous bracelet \u00e9lectronique.<\/p>\n<p>\u00ab\u00a0Pendant 24 mois Amira devra voir le Service p\u00e9nitentiaire d\u2019insertion et de probation et justifier d\u2019un travail. Elle a aussi obligation \u00e0 r\u00e9parer les parties civiles\u00a0\u00bb, encha\u00eene son conseil. Amira Zaiter est aide-soignante, apr\u00e8s avoir \u00e9t\u00e9 exclue de son \u00e9cole d\u2019infirmi\u00e8re, en lien avec sa condamnation. Si elle commet une infraction dans les deux ans, elle devra purger la totalit\u00e9 de sa peine.<\/p>\n<p>\u00ab\u00a0La plus s\u00e9v\u00e8rement condamn\u00e9e\u00a0\u00bb, depuis le 7 octobre 2023<\/p>\n<p>Depuis les massacres et prises d\u2019otages perp\u00e9tr\u00e9s par le Hamas en Isra\u00ebl le 7 octobre 2023, \u00ab\u00a0elle a \u00e9t\u00e9 la plus s\u00e9v\u00e8rement condamn\u00e9e et la seule personne incarc\u00e9r\u00e9e avec un casier vierge. Deux autres l\u2019ont \u00e9t\u00e9 mais ils \u00e9taient multir\u00e9cidivistes\u00a0\u00bb, surligne Me Sadouni. Amira Zaiter avait \u00e9t\u00e9 plac\u00e9e en d\u00e9tention provisoire pendant 46 jours.<\/p>\n<p>\u00ab\u00a0Le Crif Sud-Est se r\u00e9jouit que la justice soit pass\u00e9e\u00a0\u00bb<\/p>\n<p>\u00ab\u00a0Le Crif Sud-Est se r\u00e9jouit que la justice soit pass\u00e9e, lance, de son c\u00f4t\u00e9, Me David Rebibou, avocat du Conseil repr\u00e9sentatif des institutions juives de France Sud-Est. Les propos particuli\u00e8rement graves ont ainsi \u00e9t\u00e9 condamn\u00e9s avec une peine exemplaire qui devrait imposer \u00e0 la pr\u00e9venue de ne pas r\u00e9it\u00e9rer, ce qui \u00e9tait l\u2019objectif de la proc\u00e9dure.\u00a0\u00bb<\/p>\n<p>\u00ab\u00a0Je continuerai de soutenir la Palestine\u00a0\u00bb<\/p>\n<p>La militante, elle, se dit \u00ab\u00a0enfin soulag\u00e9e que la pression judiciaire soit pass\u00e9e. Je suis certes condamn\u00e9e, mais je suis ravie: le tribunal d\u2019Aix a \u00e9tudi\u00e9 sinc\u00e8rement mon dossier, il m\u2019a \u00e9cout\u00e9e et m\u2019a laiss\u00e9 un temps de parole que je n\u2019ai pas eu \u00e0 Nice. Ce que j\u2019ai v\u00e9cu \u00e0 Nice est un guet-apens, pour m\u2019humilier et me prendre comme un exemple et me faire peur.\u00a0\u00bb Amira Zaiter estime toujours que ses \u00ab\u00a046 jours de d\u00e9tention et le traumatisme laiss\u00e9 \u00e0 (sa) fille sont disproportionn\u00e9s\u00a0\u00bb pour des messages sur X. \u00ab\u00a0Je continuerai de soutenir la Palestine. Je continuerai de r\u00e9clamer un \u00c9tat enti\u00e8rement libre pour la Palestine\u00a0\u00bb, pr\u00e9vient-elle.<\/p>\n","protected":false},"excerpt":{"rendered":"\u00ab\u00a0On est satisfaits\u00a0\u00bb.\u00a0Amira Zaiter, militante propalestinienne, a vu sa peine pour \u00ab\u00a0apologie du terrorisme\u00a0\u00bb r\u00e9duite en appel, \u00e0&hellip;\n","protected":false},"author":2,"featured_media":204821,"comment_status":"","ping_status":"","sticky":false,"template":"","format":"standard","meta":{"footnotes":""},"categories":[2819],"tags":[1111,11,1777,674,1011,27,303,12,2401,882,25],"class_list":{"0":"post-204820","1":"post","2":"type-post","3":"status-publish","4":"format-standard","5":"has-post-thumbnail","7":"category-nice","8":"tag-actu","9":"tag-actualites","10":"tag-eu","11":"tag-europe","12":"tag-fr","13":"tag-france","14":"tag-justice","15":"tag-news","16":"tag-nice","17":"tag-provence-alpes-cote-dazur","18":"tag-republique-francaise"},"share_on_mastodon":{"url":"https:\/\/pubeurope.com\/@fr\/114747581905405552","error":""},"_links":{"self":[{"href":"https:\/\/www.europesays.com\/fr\/wp-json\/wp\/v2\/posts\/204820","targetHints":{"allow":["GET"]}}],"collection":[{"href":"https:\/\/www.europesays.com\/fr\/wp-json\/wp\/v2\/posts"}],"about":[{"href":"https:\/\/www.europesays.com\/fr\/wp-json\/wp\/v2\/types\/post"}],"author":[{"embeddable":true,"href":"https:\/\/www.europesays.com\/fr\/wp-json\/wp\/v2\/users\/2"}],"replies":[{"embeddable":true,"href":"https:\/\/www.europesays.com\/fr\/wp-json\/wp\/v2\/comments?post=204820"}],"version-history":[{"count":0,"href":"https:\/\/www.europesays.com\/fr\/wp-json\/wp\/v2\/posts\/204820\/revisions"}],"wp:featuredmedia":[{"embeddable":true,"href":"https:\/\/www.europesays.com\/fr\/wp-json\/wp\/v2\/media\/204821"}],"wp:attachment":[{"href":"https:\/\/www.europesays.com\/fr\/wp-json\/wp\/v2\/media?parent=204820"}],"wp:term":[{"taxonomy":"category","embeddable":true,"href":"https:\/\/www.europesays.com\/fr\/wp-json\/wp\/v2\/categories?post=204820"},{"taxonomy":"post_tag","embeddable":true,"href":"https:\/\/www.europesays.com\/fr\/wp-json\/wp\/v2\/tags?post=204820"}],"curies":[{"name":"wp","href":"https:\/\/api.w.org\/{rel}","templated":true}]}}