{"id":20483,"date":"2025-04-12T20:08:18","date_gmt":"2025-04-12T20:08:18","guid":{"rendered":"https:\/\/www.europesays.com\/fr\/20483\/"},"modified":"2025-04-12T20:08:18","modified_gmt":"2025-04-12T20:08:18","slug":"passion-vosges-special-traversee-lhistoire-du-rectangle-rouge","status":"publish","type":"post","link":"https:\/\/www.europesays.com\/fr\/20483\/","title":{"rendered":"Passion Vosges. Sp\u00e9cial travers\u00e9e : l\u2019histoire du rectangle rouge"},"content":{"rendered":"<p class=\"insetTitle\">Un nouveau \u00ab\u00a0Passion Vosges\u00a0\u00bb en kiosque !<\/p>\n<p class=\"chapo\">Le magazine de randonn\u00e9e Passion Vosges vous invite cette ann\u00e9e \u00e0 traverser les Vosges de Wissembourg au Ballon d\u2019Alsace sur le mythique itin\u00e9raire de grande randonn\u00e9e rectangle rouge. Une aventure en 17 \u00e9tapes propos\u00e9e <a href=\"https:\/\/www.lalsace.fr\/culture-loisirs\/2025\/04\/09\/passion-vosges-s-allie-a-l-application-visorando-pour-traverser-les-vosges\" target=\"_blank\" rel=\"noopener\">en partenariat avec l\u2019application Visorando<\/a>, \u00e0 effectuer d\u2019une traite ou en plusieurs fois.\u00a0<\/p>\n<p>Cette travers\u00e9e du massif des Vosges de\u00a0plus de 400 kilom\u00e8tres et pr\u00e8s de 14\u00a0000\u00a0m de d\u00e9nivel\u00e9 positif entre Wissembourg et le Ballon d\u2019Alsace, quatre journalistes et collaborateurs des DNA et de L\u2019Alsace l\u2019ont effectu\u00e9e pour vous donner envie d\u2019enfiler vos chaussures de marche et de vous lancer sur les sentiers.<\/p>\n<p class=\"note\">Passion Vosges, De Wissembourg au Ballon d\u2019Alsace, la travers\u00e9e des Vosges, 104 pages, 10,90\u00a0\u20ac. Disponible en kiosque, sur la <a href=\"https:\/\/boutique.lalsace-dna.fr\/\" target=\"_blank\" rel=\"noopener\"> boutique<\/a> des DNA et de  L\u2019Alsace, et dans vos agences locales des DNA et de L\u2019Alsace.<\/p>\n","protected":false},"excerpt":{"rendered":"Un nouveau \u00ab\u00a0Passion Vosges\u00a0\u00bb en kiosque ! Le magazine de randonn\u00e9e Passion Vosges vous invite cette ann\u00e9e \u00e0&hellip;\n","protected":false},"author":2,"featured_media":20484,"comment_status":"","ping_status":"","sticky":false,"template":"","format":"standard","meta":{"footnotes":""},"categories":[2820],"tags":[1111,11,2389,7782,1777,674,107,1011,27,5325,775,7783,5324,12,3725,25,273,640],"class_list":{"0":"post-20483","1":"post","2":"type-post","3":"status-publish","4":"format-standard","5":"has-post-thumbnail","7":"category-strasbourg","8":"tag-actu","9":"tag-actualites","10":"tag-alsace","11":"tag-balades-et-randonnees","12":"tag-eu","13":"tag-europe","14":"tag-fil-info","15":"tag-fr","16":"tag-france","17":"tag-galerie-media","18":"tag-grand-est","19":"tag-le-lab","20":"tag-montagne","21":"tag-news","22":"tag-podcast","23":"tag-republique-francaise","24":"tag-selection-de-la-redaction","25":"tag-strasbourg"},"share_on_mastodon":{"url":"https:\/\/pubeurope.com\/@fr\/114326805106597294","error":""},"_links":{"self":[{"href":"https:\/\/www.europesays.com\/fr\/wp-json\/wp\/v2\/posts\/20483","targetHints":{"allow":["GET"]}}],"collection":[{"href":"https:\/\/www.europesays.com\/fr\/wp-json\/wp\/v2\/posts"}],"about":[{"href":"https:\/\/www.europesays.com\/fr\/wp-json\/wp\/v2\/types\/post"}],"author":[{"embeddable":true,"href":"https:\/\/www.europesays.com\/fr\/wp-json\/wp\/v2\/users\/2"}],"replies":[{"embeddable":true,"href":"https:\/\/www.europesays.com\/fr\/wp-json\/wp\/v2\/comments?post=20483"}],"version-history":[{"count":0,"href":"https:\/\/www.europesays.com\/fr\/wp-json\/wp\/v2\/posts\/20483\/revisions"}],"wp:featuredmedia":[{"embeddable":true,"href":"https:\/\/www.europesays.com\/fr\/wp-json\/wp\/v2\/media\/20484"}],"wp:attachment":[{"href":"https:\/\/www.europesays.com\/fr\/wp-json\/wp\/v2\/media?parent=20483"}],"wp:term":[{"taxonomy":"category","embeddable":true,"href":"https:\/\/www.europesays.com\/fr\/wp-json\/wp\/v2\/categories?post=20483"},{"taxonomy":"post_tag","embeddable":true,"href":"https:\/\/www.europesays.com\/fr\/wp-json\/wp\/v2\/tags?post=20483"}],"curies":[{"name":"wp","href":"https:\/\/api.w.org\/{rel}","templated":true}]}}