{"id":204836,"date":"2025-06-26T03:45:21","date_gmt":"2025-06-26T03:45:21","guid":{"rendered":"https:\/\/www.europesays.com\/fr\/204836\/"},"modified":"2025-06-26T03:45:21","modified_gmt":"2025-06-26T03:45:21","slug":"deux-personnes-percutees-sur-la-ligne-a-grande-a-vitesse-nord-a-quelques-heures-dintervalle","status":"publish","type":"post","link":"https:\/\/www.europesays.com\/fr\/204836\/","title":{"rendered":"Deux personnes percut\u00e9es sur la ligne \u00e0 grande \u00e0 vitesse Nord \u00e0 quelques heures d\u2019intervalle"},"content":{"rendered":"<p>            Par<br \/>\n        <strong><br \/>\n            <a href=\"https:\/\/actu.fr\/auteur\/raphael-mahlmann\" title=\"Consulter tous les articles de Rapha\u00ebl Mahlmann\" target=\"_blank\" rel=\"noopener\">Rapha\u00ebl Mahlmann<\/a><br \/>\n        <\/strong><\/p>\n<p>        Publi\u00e9 le<\/p>\n<p>            25 juin 2025 \u00e0 9h00        <\/p>\n<p>Journ\u00e9e noire sur la ligne \u00e0 grande vitesse. \u00c0 17\u2009h\u200946, la <a href=\"https:\/\/actu.fr\/societe\/ter-hauts-de-france-la-sncf-annonce-un-changement-majeur-pour-les-cyclistes-sur-six-lignes_62802657.html\" target=\"_blank\" rel=\"noopener\">SNCF<\/a> annon\u00e7ait une perturbation de la circulation des trains sur la ligne<b> Arras \u2013 Douai \u2013 Lille<\/b>. Un <a href=\"https:\/\/actu.fr\/hauts-de-france\/lille_59350\/interruption-du-trafic-tgv-sur-la-ligne-lille-paris-apres-un-accident-de-personne_62789078.html\" target=\"_blank\" rel=\"noopener\">accident de personne <\/a>venait de se produire sur la ligne \u00e0 grande vitesse Nord, au niveau de la commune de<b> Sainghin-en-Weppes<\/b> (Nord). La circulation a finalement pu reprendre <b>vers 20\u2009h<\/b>.<\/p>\n<p>Une personne percut\u00e9e dans le Pas-de-Calais<\/p>\n<p class=\" wall-content\">Quelques minutes plus tard apr\u00e8s la reprise de la circulation,<b> un second accident de personne<\/b> est survenu sur la ligne TGV Lille-Paris, au niveau de la commune de <a href=\"https:\/\/actu.fr\/hauts-de-france\/noyelles-godault_62624\" target=\"_blank\" rel=\"noopener\">Noyelles-Godault<\/a> (Pas-de-Calais). La personne, d\u00e9c\u00e9d\u00e9e, a \u00e9t\u00e9 prise en charge par les pompes fun\u00e8bres. <b>Ni son \u00e2ge, ni son sexe<\/b> n\u2019ont pu \u00eatre d\u00e9termin\u00e9s par les secours.<\/p>\n<p class=\" wall-content\"><b>Le conducteur<\/b> a \u00e9t\u00e9 pris en charge par la SNCF et remplac\u00e9 par un autre conducteur pour acheminer le train \u00e0 destination.<b> Plus de 1\u2009000 voyageurs<\/b> se trouvaient \u00e0 bord. Les sapeurs-pompiers d\u2019H\u00e9nin-Beaumont et d\u2019Harnes ont \u00e9t\u00e9 mobilis\u00e9s. La police et l\u2019OPJ, le Smur \u00e9taient \u00e9galement sur les lieux.<\/p>\n<p class=\" wall-content\">Suivez toute l\u2019actualit\u00e9 de vos villes et m\u00e9dias favoris en vous inscrivant \u00e0 <a href=\"https:\/\/moncompte.actu.fr\" title=\"D\u00e9couvez Mon Actu\" rel=\"nofollow noopener\" data-trk=\"{&quot;cta&quot;:{&quot;action&quot;:&quot;https:\\\/\\\/moncompte.actu.fr&quot;,&quot;category&quot;:&quot;mon compte&quot;,&quot;from&quot;:&quot;article footer&quot;,&quot;name&quot;:&quot;Mon actu&quot;,&quot;type&quot;:&quot;cta&quot;}}\" target=\"_blank\">Mon Actu<\/a>.<\/p>\n","protected":false},"excerpt":{"rendered":"Par Rapha\u00ebl Mahlmann Publi\u00e9 le 25 juin 2025 \u00e0 9h00 Journ\u00e9e noire sur la ligne \u00e0 grande vitesse.&hellip;\n","protected":false},"author":2,"featured_media":204837,"comment_status":"","ping_status":"","sticky":false,"template":"","format":"standard","meta":{"footnotes":""},"categories":[2815],"tags":[7757,1111,11,1777,674,118,1011,27,811,1307,12,25,2215,2214],"class_list":{"0":"post-204836","1":"post","2":"type-post","3":"status-publish","4":"format-standard","5":"has-post-thumbnail","7":"category-lille","8":"tag-accident-grave-de-voyageur","9":"tag-actu","10":"tag-actualites","11":"tag-eu","12":"tag-europe","13":"tag-faits-divers","14":"tag-fr","15":"tag-france","16":"tag-hauts-de-france","17":"tag-lille","18":"tag-news","19":"tag-republique-francaise","20":"tag-sncf","21":"tag-tgv"},"share_on_mastodon":{"url":"https:\/\/pubeurope.com\/@fr\/114747613079433163","error":""},"_links":{"self":[{"href":"https:\/\/www.europesays.com\/fr\/wp-json\/wp\/v2\/posts\/204836","targetHints":{"allow":["GET"]}}],"collection":[{"href":"https:\/\/www.europesays.com\/fr\/wp-json\/wp\/v2\/posts"}],"about":[{"href":"https:\/\/www.europesays.com\/fr\/wp-json\/wp\/v2\/types\/post"}],"author":[{"embeddable":true,"href":"https:\/\/www.europesays.com\/fr\/wp-json\/wp\/v2\/users\/2"}],"replies":[{"embeddable":true,"href":"https:\/\/www.europesays.com\/fr\/wp-json\/wp\/v2\/comments?post=204836"}],"version-history":[{"count":0,"href":"https:\/\/www.europesays.com\/fr\/wp-json\/wp\/v2\/posts\/204836\/revisions"}],"wp:featuredmedia":[{"embeddable":true,"href":"https:\/\/www.europesays.com\/fr\/wp-json\/wp\/v2\/media\/204837"}],"wp:attachment":[{"href":"https:\/\/www.europesays.com\/fr\/wp-json\/wp\/v2\/media?parent=204836"}],"wp:term":[{"taxonomy":"category","embeddable":true,"href":"https:\/\/www.europesays.com\/fr\/wp-json\/wp\/v2\/categories?post=204836"},{"taxonomy":"post_tag","embeddable":true,"href":"https:\/\/www.europesays.com\/fr\/wp-json\/wp\/v2\/tags?post=204836"}],"curies":[{"name":"wp","href":"https:\/\/api.w.org\/{rel}","templated":true}]}}